{"id":844,"date":"2024-02-08T10:35:07","date_gmt":"2024-02-08T16:35:07","guid":{"rendered":"https:\/\/civitas-mexico.com\/?p=844"},"modified":"2024-02-08T10:35:09","modified_gmt":"2024-02-08T16:35:09","slug":"cuando-un-miembro-del-pensamiento-gnostico-y-un-seguidor-del-culto-a-mytra-pretendieron-desestabilizar-el-magisterio-infalible-de-la-iglesia","status":"publish","type":"post","link":"https:\/\/civitas-mexico.com\/index.php\/2024\/02\/08\/cuando-un-miembro-del-pensamiento-gnostico-y-un-seguidor-del-culto-a-mytra-pretendieron-desestabilizar-el-magisterio-infalible-de-la-iglesia\/","title":{"rendered":"CUANDO UN MIEMBRO DEL PENSAMIENTO GNOSTICO Y UN SEGUIDOR DEL CULTO A MYTRA PRETENDIERON DESESTABILIZAR EL MAGISTERIO INFALIBLE DE LA IGLESIA"},"content":{"rendered":"\n<p>Articulo original : <a href=\"https:\/\/profidecatholica.com\/2024\/01\/31\/quand-un-membre-representant-les-pensees-gnostiques-et-un-sectateur-du-culte-de-mytra-chercherent-a-destabiliser-le-magistere-infaillible-de-leglise\/\">https:\/\/profidecatholica.com\/2024\/01\/31\/quand-un-membre-representant-les-pensees-gnostiques-et-un-sectateur-du-culte-de-mytra-chercherent-a-destabiliser-le-magistere-infaillible-de-leglise\/<\/a><\/p>\n\n\n\n<p>Publicado el 31 de enero de 2024, por Chaux-de-Toureyre, Traducido por Elisa Hern\u00e1ndez <\/p>\n\n\n\n<figure class=\"wp-block-image alignleft size-full\"><img loading=\"lazy\" decoding=\"async\" width=\"676\" height=\"454\" src=\"https:\/\/civitas-mexico.com\/wp-content\/uploads\/2024\/02\/image-26.png\" alt=\"\" class=\"wp-image-845\" srcset=\"https:\/\/civitas-mexico.com\/wp-content\/uploads\/2024\/02\/image-26.png 676w, https:\/\/civitas-mexico.com\/wp-content\/uploads\/2024\/02\/image-26-300x201.png 300w\" sizes=\"auto, (max-width: 676px) 100vw, 676px\" \/><\/figure>\n\n\n\n<p><strong><em>San Roberto-Bellarmin<\/em><\/strong><\/p>\n\n\n\n<p>Lo que hoy se conoce en todos los c\u00edrculos revolucionarios y de <em>pensamiento \u2018correcto\u2019<\/em> como la revoluci\u00f3n copernicana, ni siquiera como un mal sino como un progreso objetivo, constituye verdaderamente un cambio radical de paradigma y, por tanto, una nueva visi\u00f3n del mundo.<\/p>\n\n\n\n<p>Pero no nos equivoquemos, esta revoluci\u00f3n estaba en marcha desde hac\u00eda al menos 1500 a\u00f1os, y la escuela pitag\u00f3rica ya profesaba el heliocentrismo, defendido en particular por Aristarco de Samos, que fue quemado en la hoguera por impiedad.<\/p>\n\n\n\n<p>Tambi\u00e9n sabemos por el antiguo rabino Paul Drach, que al parecer se convirti\u00f3 al cristianismo y fue nombrado bibliotecario del Vaticano en Roma, en el prefacio del volumen 1 de su enorme obra \u00ab<em>De l&#8217;Harmonie entre l&#8217;\u00c9glise et la Synagogue<\/em>\u00bb (\u201c<em>Sobre la armon\u00eda entre la Iglesia y la Sinagoga<\/em>\u201d), que el heliocentrismo ya hab\u00eda sido profesado por la c\u00e1bala buena, es decir, la c\u00e1bala sagrada o m\u00e1gica, que, seg\u00fan su tesis, se opon\u00eda a la c\u00e1bala farisaica, es decir, la que conden\u00f3 a nuestro Se\u00f1or Jesucristo a la ordal\u00eda del Calvario. Se dice que esta \u00abc\u00e1bala buena\u00bb fue dada como ense\u00f1anza oral por Dios a Mois\u00e9s en el monte Sina\u00ed, \u00a1al mismo tiempo que las tablas de la Ley!<\/p>\n\n\n\n<p>Paul Drach llega incluso a decirnos que si este heliocentrismo se hubiera adoptado en aquella \u00e9poca (siglo XIII a.C.) o en los pocos siglos posteriores, \u00a1el progreso t\u00e9cnico estar\u00eda hoy mucho m\u00e1s avanzado!<\/p>\n\n\n\n<figure class=\"wp-block-image size-full\"><img loading=\"lazy\" decoding=\"async\" width=\"776\" height=\"798\" src=\"https:\/\/civitas-mexico.com\/wp-content\/uploads\/2024\/02\/image-27.png\" alt=\"\" class=\"wp-image-846\" srcset=\"https:\/\/civitas-mexico.com\/wp-content\/uploads\/2024\/02\/image-27.png 776w, https:\/\/civitas-mexico.com\/wp-content\/uploads\/2024\/02\/image-27-292x300.png 292w, https:\/\/civitas-mexico.com\/wp-content\/uploads\/2024\/02\/image-27-768x790.png 768w, https:\/\/civitas-mexico.com\/wp-content\/uploads\/2024\/02\/image-27-45x45.png 45w\" sizes=\"auto, (max-width: 776px) 100vw, 776px\" \/><\/figure>\n\n\n\n<p><em>El sistema de Ptolomeo<\/em><\/p>\n\n\n\n<p>Si el geocentrismo persisti\u00f3 durante 1500 a\u00f1os despu\u00e9s de Aristarco de Samos bajo la autoridad intelectual de Ptolomeo, entonces debi\u00f3 de ocurrir que en los aer\u00f3pagos griegos, y m\u00e1s tarde en los c\u00edrculos intelectuales romanos, se produjeron discusiones y pol\u00e9micas muy animadas, incluso violentas, sobre este tema. Se trata de indicios metaf\u00edsicos flagrantes de que el lugar de la Tierra en la creaci\u00f3n era un tema especialmente crucial, y no, como podr\u00edamos creer ingenuamente, una discusi\u00f3n de sal\u00f3n de t\u00e9.<\/p>\n\n\n\n<p>As\u00ed fue como a lo largo de este largo periodo, en una concepci\u00f3n geoc\u00e9ntrica, la idea de una Tierra redonda o redondeada fue imponi\u00e9ndose gradualmente a la idea de una Tierra plana, hasta convertirse paulatinamente en una esfera a partir de la segunda mitad del siglo XV.<\/p>\n\n\n\n<p>Los hipot\u00e9ticos anuncios de Arist\u00f3teles, un geocentrista, hablando de la gravitaci\u00f3n para sujetar cuerpos sobre superficies curvas, desempe\u00f1aron sin duda un papel en esta evoluci\u00f3n intelectual, al igual que las ideas inspiradas en lo que constituir\u00eda la nueva teolog\u00eda posterior al Vaticano II, defendida por Joachim de Flore y Erasmo. S\u00f3lo faltaba el ge\u00f3grafo-astr\u00f3nomo Martin Beha\u00efm, inspirador de Crist\u00f3bal Col\u00f3n, que proced\u00eda de una familia de trabajadores de la seda de Praga que se hab\u00eda trasladado a N\u00fcremberg, para afirmar sin m\u00e1s que la Tierra era un globo. Para entonces, la fruta estaba madura para ser recogida o arrancada con facilidad.<\/p>\n\n\n\n<p>A Nicol\u00e1s Cop\u00e9rnico se le atribuy\u00f3 este favor cuando escribi\u00f3 el \u00abDe Revolutionibus Orbium Caelestium\u00bb. Pero la prudencia serpenteante del astr\u00f3nomo can\u00f3nigo de Cracovia le impidi\u00f3 afirmar en voz demasiado alta y clara la nueva posici\u00f3n del Sol reducida a la fijeza. Era un gran admirador del humanista Parascelse y se nutr\u00eda de los escritos esot\u00e9ricos de Hermes Trismegisto. \u00abLavartus prodeo\u00bb (salgo enmascarado) sigue siendo la m\u00e1xima preferida de los gn\u00f3sticos. Por esta raz\u00f3n, orden\u00f3 que su obra se publicara p\u00f3stumamente; esto se hizo en los d\u00edas siguientes a su muerte, prueba de que hab\u00eda sido escrita mucho antes.<\/p>\n\n\n\n<p>El protestantismo que estall\u00f3 durante el siglo XVI, incluyendo a geocentristas como Mart\u00edn Lutero y Ticho Brahe y a heliocentristas como Johannes Kepler, desafi\u00f3 a los te\u00f3logos de la Iglesia y a las autoridades pol\u00edticas, creando una explosiva \u00f3smosis de ideas que los humanistas italianos saborearon y llegaron a atacar al papado. Fue en esta \u00e9poca cuando se public\u00f3 la bula de Pablo IV \u00abCum ex Apostolatus\u00bb, que dejaba imperativamente claro que un hereje con apariencias cat\u00f3licas pod\u00eda conseguir llegar a la sede de Pedro y que, en este caso, su nombramiento para el c\u00f3nclave deb\u00eda considerarse inv\u00e1lido.<\/p>\n\n\n\n<figure class=\"wp-block-image size-full\"><img loading=\"lazy\" decoding=\"async\" width=\"493\" height=\"444\" src=\"https:\/\/civitas-mexico.com\/wp-content\/uploads\/2024\/02\/image-28.png\" alt=\"\" class=\"wp-image-847\" srcset=\"https:\/\/civitas-mexico.com\/wp-content\/uploads\/2024\/02\/image-28.png 493w, https:\/\/civitas-mexico.com\/wp-content\/uploads\/2024\/02\/image-28-300x270.png 300w\" sizes=\"auto, (max-width: 493px) 100vw, 493px\" \/><\/figure>\n\n\n\n<p><em>Sistema geoc\u00e9ntrico revisado por Ticho-Brah\u00e9<\/em><\/p>\n\n\n\n<p>Galileo, hermano mayor espiritual de Johannes Kepler y miembro de la secta dedicada al culto de Mythra, que es el del Sol, abraz\u00f3 celosamente el heliocentrismo y lleg\u00f3 a proclamar que las Sagradas Escrituras no eran inerrantes, mientras que Kepler, empleado de Ticho-Brah\u00e9, se pele\u00f3 violentamente con este \u00faltimo, un geocentrista terra-globista, que hab\u00eda reformado el sistema de Ptolomeo, declarando, como buen protestante, que despreciaba los escritos de los Padres de la Iglesia.<\/p>\n\n\n\n<figure class=\"wp-block-image size-full\"><img loading=\"lazy\" decoding=\"async\" width=\"469\" height=\"469\" src=\"https:\/\/civitas-mexico.com\/wp-content\/uploads\/2024\/02\/image-30.png\" alt=\"\" class=\"wp-image-849\" srcset=\"https:\/\/civitas-mexico.com\/wp-content\/uploads\/2024\/02\/image-30.png 469w, https:\/\/civitas-mexico.com\/wp-content\/uploads\/2024\/02\/image-30-300x300.png 300w, https:\/\/civitas-mexico.com\/wp-content\/uploads\/2024\/02\/image-30-150x150.png 150w, https:\/\/civitas-mexico.com\/wp-content\/uploads\/2024\/02\/image-30-400x400.png 400w, https:\/\/civitas-mexico.com\/wp-content\/uploads\/2024\/02\/image-30-45x45.png 45w\" sizes=\"auto, (max-width: 469px) 100vw, 469px\" \/><\/figure>\n\n\n\n<p><em>El sistema de Cop\u00e9rnico<\/em><\/p>\n\n\n\n<p>La ilustre familia Lincei, dedicada al culto de Mythra, apoy\u00f3 a Galileo en todos sus juicios contra la Iglesia. Fue esta familia la que dio a Galileo la reputaci\u00f3n de poseer un s\u00f3lido talento literario. Las discusiones fueron intensas durante el juicio de 1616, en el que San Roberto Belarmino, un matem\u00e1tico dominico geocentrista, destac\u00f3 los inmensos problemas de visi\u00f3n del mundo que causar\u00edan las nuevas ideas de Galileo. Galileo perdi\u00f3 el mismo juicio y no pudo defender su teor\u00eda de una marea por d\u00eda, basada en el postulado de que la Tierra gira sobre s\u00ed misma como resultado de la fuerza centr\u00edfuga. S\u00f3lo se le pidi\u00f3 que no difundiera sus ideas, pero el autor, en su orgullo y amistad personal con Urbano VIII, que tambi\u00e9n estaba interesado en el nuevo sistema, pero no quer\u00eda que se ridiculizara con argumentos falaces, no le hizo caso. Public\u00f3 \u00abDialogue sur les deux grands syst\u00e8mes du monde\u00bb (\u201c<em>Di\u00e1logo sobre los dos grandes sistemas mundiales<\/em>\u201d), \u00a1en el que se ridiculiza al mism\u00edsimo Papa!<\/p>\n\n\n\n<p>Esto condujo al proceso de 1633, en el que Galileo fue puesto bajo arresto domiciliario por el Santo Oficio. Contrariamente a lo que afirmaban los detractores de la Iglesia, se le dio un trato preferente, lo que le permiti\u00f3 seguir profesando sus teor\u00edas en secreto, con el respaldo de algunos jesuitas y de la duquesa Cristina de Lorena, entre otros.<\/p>\n\n\n\n<p>En 1664, el Papa Alejandro VII, en su bula \u00abSpeculatores Domus Israel\u00bb, conden\u00f3 definitivamente el heliocentrismo, que se derivaba de la negaci\u00f3n de la inerrancia de la Sagrada Escritura, condenada a su vez. Por tanto, es err\u00f3neo decir que Galileo no fue condenado porque afirmara que la Tierra giraba alrededor del Sol.<\/p>\n\n\n\n<p>Hacia 1757, tras varios intercambios de cartas entre el papa Benedicto XIV y Agostino Ricchini, secretario de la Congregaci\u00f3n del \u00cdndice, sobre el tema de todos los escritos heliocentristas, \u00e9stos fueron autorizados a condici\u00f3n de que fueran considerados como una hip\u00f3tesis y, en consecuencia, anotados para poder beneficiarse del <em>imprimatur<\/em>. El lobo hab\u00eda vuelto al redil, y el aut\u00e9ntico m\u00e9todo cient\u00edfico basado en la observaci\u00f3n confundida con f\u00f3rmulas matem\u00e1ticas para dar cuenta de la naturaleza y de la creaci\u00f3n iba a convertirse poco a poco en la nueva deontolog\u00eda hasta nuestros d\u00edas.<\/p>\n\n\n\n<p>Napole\u00f3n Bonaparte era un gran partidario del heliocentrismo y de la ciencia te\u00f3rica y, para impedir que el Imperio Brit\u00e1nico se apoderara del istmo de Suez, aprovech\u00f3 la moment\u00e1nea presencia francesa en Egipto para enviar cient\u00edficos, entre ellos a Champollion, a estudiar los jerogl\u00edficos, con el fin de trazar una cronolog\u00eda fija y alejarse de las inexactitudes que conten\u00edan las escrituras sobre este tema. Con este enfoque cient\u00edfico-hist\u00f3rico aprovech\u00f3 los cautiverios impuestos por \u00e9l a los papas P\u00edo VI y P\u00edo VII para trasladar todos los archivos vaticanos a Fontainebleau, mencionando en particular el apartamiento de los que trataban del asunto Galileo.<\/p>\n\n\n\n<p>Con Darwin y Charles Lyell, las ideas evolucionistas empezaron a difundirse en los c\u00edrculos intelectuales, prest\u00e1ndose perfectamente al heliocentrismo a\u00f1adido de las leyes de Newton y a su conciliaci\u00f3n con las tres leyes de Kepler.<\/p>\n\n\n\n<p>Fue entonces, en 1870-71, durante las primeras sesiones del Concilio Vaticano I, cuando el asunto Galileo cobr\u00f3 especial importancia en la redacci\u00f3n de las constituciones \u00abDei Fillius\u00bb y \u00abPastor Aeternus\u00bb, recordando la infalibilidad del Papa en materia de Fe, Moral y \u00c9tica en su magisterio ordinario y proclamando dogm\u00e1ticamente su infalibilidad s\u00f3lo en su magisterio extraordinario, es decir, ex cathedra.<\/p>\n\n\n\n<p>Es interesante observar el impacto de esta cuesti\u00f3n sobre la infalibilidad del Papa, en un momento en que su autoridad se ve\u00eda cada vez m\u00e1s socavada y su poder pol\u00edtico temporal estaba siendo cuestionado por el \u00abRisorgimento italiano\u00bb, que pretend\u00eda unificar una Italia revolucionaria y mas\u00f3nica a trav\u00e9s de las sectas de los Altos Saleses y los Carbonari, a las que pertenec\u00edan Napole\u00f3n III, Camillo Benso Cavour y el compositor-deputado Giuseppe Verdi. Al mismo tiempo, las tropas de Garibaldi empezaban a asediar Roma, mientras que los obispos del Concilio, obligados a clausurarlo lo antes posible, se apresuraban a votar a mano alzada la infalibilidad papal.<\/p>\n\n\n\n<p>Este Concilio inacabado contribuy\u00f3 a poner a la Iglesia en una situaci\u00f3n a\u00fan m\u00e1s inestable. A principios del siglo XX, las ideas evolucionistas estaban pr\u00e1cticamente casadas con el heliocentrismo, y los experimentos de Sagnac en Meudon y Michelson-Morley en Estados Unidos para demostrar la traslaci\u00f3n de la Tierra alrededor del Sol resultaron ser un fracaso. Luego vino Albert Einstein, apoyado por Lorentz y m\u00e1s tarde por el matem\u00e1tico jesuita Abb\u00e9 George Lema\u00eetre de la Universidad de Lovaina, que invent\u00f3 el \u00abBig Bang\u00bb para dar un giro creacionista al evolucionismo de Darwin y Lamarck, que dio forma a las dos teor\u00edas de la relatividad, la relatividad especial y la generalizada, no s\u00f3lo para salvar el heliocentrismo sino tambi\u00e9n para afirmar que todo en el universo giraba en un movimiento permanente de ca\u00edda lineal, producido no por la atracci\u00f3n newtoniana sino esta vez por la repulsi\u00f3n del espacio-tiempo, que sustituy\u00f3 y destron\u00f3 al \u00e9ter de los antiguos.<\/p>\n\n\n\n<figure class=\"wp-block-image size-full\"><img loading=\"lazy\" decoding=\"async\" width=\"844\" height=\"444\" src=\"https:\/\/civitas-mexico.com\/wp-content\/uploads\/2024\/02\/image-31.png\" alt=\"\" class=\"wp-image-850\" srcset=\"https:\/\/civitas-mexico.com\/wp-content\/uploads\/2024\/02\/image-31.png 844w, https:\/\/civitas-mexico.com\/wp-content\/uploads\/2024\/02\/image-31-300x158.png 300w, https:\/\/civitas-mexico.com\/wp-content\/uploads\/2024\/02\/image-31-768x404.png 768w\" sizes=\"auto, (max-width: 844px) 100vw, 844px\" \/><\/figure>\n\n\n\n<p><em>Albert Einstein con el abate Georges Lema\u00eetre<\/em><\/p>\n\n\n\n<p>Al final del pontificado de P\u00edo XI se cre\u00f3 la Academia Pontificia de las Ciencias. El abate Lema\u00eetre desempe\u00f1\u00f3 un papel importante en la academia, ayudando a establecer el universo relativista y en r\u00e1pida expansi\u00f3n, todo ello en una vena creacionista que abarcaba miles de millones de a\u00f1os y era coherente con el relato del G\u00e9nesis, al tiempo que afirmaba que hab\u00eda que verlo principalmente en t\u00e9rminos simb\u00f3licos. As\u00ed pues, el evolucionismo estaba listo para casarse con la nueva ciencia oficial a pesar de las advertencias del Papa P\u00edo XII en la enc\u00edclica \u00abDivino Aflantes\u00bb, en la que instaba a la cautela al tiempo que se mostraba abierto al propio evolucionismo. Es cierto que una enc\u00edclica no suele implicar el carisma de la infalibilidad como una bula, pero segu\u00eda siendo una apuesta moral y muchos cat\u00f3licos se sumaron a la doxa oficial sobre los or\u00edgenes de la Tierra, olvidando las ense\u00f1anzas de los Padres de la Iglesia en este \u00e1mbito y convenci\u00e9ndose de que la Iglesia se hab\u00eda equivocado en los procesos abiertos contra Galileo en 1616 y 1633. Es curioso observar que, en la d\u00e9cada de 1950, la Academia Pontificia de las Ciencias tom\u00f3 el nombre de la familia Lincei, \u00a1que en aquella \u00e9poca era tan conocida por su oposici\u00f3n al magisterio!<\/p>\n\n\n\n<figure class=\"wp-block-image size-full\"><img loading=\"lazy\" decoding=\"async\" width=\"404\" height=\"539\" src=\"https:\/\/civitas-mexico.com\/wp-content\/uploads\/2024\/02\/image-32.png\" alt=\"\" class=\"wp-image-851\" srcset=\"https:\/\/civitas-mexico.com\/wp-content\/uploads\/2024\/02\/image-32.png 404w, https:\/\/civitas-mexico.com\/wp-content\/uploads\/2024\/02\/image-32-225x300.png 225w\" sizes=\"auto, (max-width: 404px) 100vw, 404px\" \/><\/figure>\n\n\n\n<p><em>El telescopio Lucifer en Arizona<\/em><\/p>\n\n\n\n<p>El telescopio eclesi\u00e1stico del Vaticano llamado \u00abLucifer\u00bb, el \u00abGran Telescopio Binocular de Utilidad Espectrosc\u00f3pica en el Infrarrojo Cercano con C\u00e1mara y Unidad de Campo Integral para la Investigaci\u00f3n Extragal\u00e1ctica\u00bb (n\u00f3tese la disposici\u00f3n de las siglas) perteneciente a la misma academia, fue erigido en este contexto en el monte Graham, en el estado de Arizona (<a href=\"https:\/\/fr.wikipedia.org\/wiki\/LUCIFER\">https:\/\/fr.wikipedia.org\/wiki\/LUCIFER<\/a>). Cabe se\u00f1alar de paso que se encuentra en la llamada zona de los 4 cuadrados, es decir, los estados de Arizona, Nuevo M\u00e9xico, Colorado y Utah, donde se prob\u00f3 la primera de las llamadas bombas at\u00f3micas el 16 de julio de 1944 como ensayo general 3 semanas antes de Hiroshima y Nagasaki, con los f\u00edsicos Albert Einstein, Robert Oppenheimer y Hans Beth. Roswell es tambi\u00e9n el emplazamiento del campo 51, que se utiliz\u00f3 para el rodaje de las llamadas misiones Apolo 11, 12, 14, 15, 16 y 17. El 4 de julio de 1947, Roswell fue el primer lugar donde se produjo un suceso extraterrestre relacionado con ovnis, al mismo tiempo que las expediciones \u00abHigh Jump\u00bb y \u00abDeep Freeze\u00bb dirigidas por el almirante Byrd, cuyo objetivo era aumentar nuestros conocimientos sobre la Ant\u00e1rtida. Fue tambi\u00e9n en esta zona, a partir de Dulce para ser exactos, donde se perforaron t\u00faneles profundos secretos, dise\u00f1ados para dar servicio no s\u00f3lo a Norteam\u00e9rica sino a todos los continentes de la Tierra, mediante la instalaci\u00f3n de l\u00edneas ferroviarias para hacer circular trenes supers\u00f3nicos ultrarr\u00e1pidos de levitaci\u00f3n magn\u00e9tica. Y, seg\u00fan los informes del especialista Lionel Camy, esta regi\u00f3n registra un \u00edndice de secuestros y desapariciones incomprensibles, no s\u00f3lo de ni\u00f1os sino tambi\u00e9n de adultos que caminan, superior al del resto del mundo. Es cuanto menos misterioso; \u00a1hay demasiadas coincidencias! \u00bfQu\u00e9 hace la Iglesia en un lugar as\u00ed?<\/p>\n\n\n\n<figure class=\"wp-block-image size-full\"><img loading=\"lazy\" decoding=\"async\" width=\"701\" height=\"405\" src=\"https:\/\/civitas-mexico.com\/wp-content\/uploads\/2024\/02\/image-34.png\" alt=\"\" class=\"wp-image-853\" srcset=\"https:\/\/civitas-mexico.com\/wp-content\/uploads\/2024\/02\/image-34.png 701w, https:\/\/civitas-mexico.com\/wp-content\/uploads\/2024\/02\/image-34-300x173.png 300w\" sizes=\"auto, (max-width: 701px) 100vw, 701px\" \/><\/figure>\n\n\n\n<p><em>Vista de un paisaje en Arizona<\/em><\/p>\n\n\n\n<p>Todas estas etapas hist\u00f3ricas de los \u00faltimos 600 a\u00f1os apuntan a una p\u00e9rdida progresiva de la Fe y al desaliento de Cristo en su vicario terrenal, el Papa. En la actualidad resulta asombroso que incluso en los c\u00edrculos cat\u00f3licos tradicionales de todas las tendencias, y me refiero a todas las tendencias, los temas relacionados con el geocentrismo y la Tierra plana resultante, por razones que no son gravitatorias sino electromagn\u00e9ticas, sean tan poco comprendidos e incluso recibidos con gran animadversi\u00f3n y \u00a1ninguna caridad!<\/p>\n\n\n\n<p>Los documentos de Haute-Vente descubiertos en el siglo XIX y relatados por Jacques Cr\u00e9tineau-Joly nos hablan de un proyecto que consist\u00eda en lo siguiente: \u00abDebemos colocar en el Vaticano a un Papa seg\u00fan nuestra conveniencia, que predique la revoluci\u00f3n con tiara y manto\u00bb.<\/p>\n\n\n\n<p>Hoy nos atrevemos a proclamar que ya est\u00e1 hecho: el hombre que reina en el Vaticano es efectivamente un impostor y un aliado de la FEM.<\/p>\n\n\n\n<p>Cat\u00f3licos, \u00a1abran los ojos!<\/p>\n\n\n\n<p>Fuentes:<\/p>\n\n\n\n<p>Los desestabilizadores de la Tierra\u00bb: \u00bfQui\u00e9n desestabiliz\u00f3 la Tierra?<\/p>\n\n\n\n<p>La v\u00e9rit\u00e9 sur l&#8217;affaire Galil\u00e9e\u00bb de Aim\u00e9 Richard, e=\u00e9ditions Fran\u00e7ois Xavier de Guibert, <a href=\"https:\/\/www.chire.fr\/la-verite-sur-laffaire-galilee-p-134996\">https:\/\/www.chire.fr\/la-verite-sur-laffaire-galilee-p-134996<\/a><\/p>\n\n\n\n<p>Exorcizar el espectro de Galileo\u00bb por el abate Philippe Marcille, publicado por Le Sel, <a href=\"http:\/\/www.librairiefrancaise.fr\/fr\/controverses\/835-exorciser-le-spectre-de-galilee-abbe-philippe-marcille-9782916139418.html\">http:\/\/www.librairiefrancaise.fr\/fr\/controverses\/835-exorciser-le-spectre-de-galilee-abbe-philippe-marcille-9782916139418.html<\/a><\/p>\n\n\n\n<p>Galil\u00e9e h\u00e9r\u00e9tique\u00bb de Pietro Redondi, publicado por Gallimard <a href=\"https:\/\/www.babelio.com\/livres\/Redondi-Galilee-heretique\/441899\">https:\/\/www.babelio.com\/livres\/Redondi-Galilee-heretique\/441899<\/a><\/p>\n\n\n\n<p>_\u00bbVisages et Masques de la Gnose\u00bb, cap\u00edtulo 4, \u00abLa v\u00e9rit\u00e9 sur Galil\u00e9e\u00bb de Etienne Couvert, \u00e9ditions de Chir\u00e9. Entre otras cosas, aborda el papel desempe\u00f1ado por la familia Lincei y la influencia espiritual de la secta dedicada al culto de Mythra.<\/p>\n\n\n\n<p>Haga clic <a href=\"https:\/\/hti.osu.edu\/sites\/hti.osu.edu\/files\/critique-of-galileo-by-cardinal-bellarmine.pdf\">para ir a critica-de-galileo-por-cardinal-bellarmine.pdf<\/a><\/p>\n\n\n\n<p>Bula de Alejandro VII condenando el heliocentrismo: \u00abSpeculatores Domus Israel\u00bb.<\/p>\n\n\n\n<p>_De l&#8217;harmonie entre l&#8217;\u00e9glise et la synagogue de Paul Drach , en 2 vol\u00famenes<\/p>\n\n\n\n<p><a href=\"https:\/\/livres-mystiques.com\/partieTEXTES\/Drach\/Table.html\">https:\/\/livres-mystiques.com\/partieTEXTES\/Drach\/Table.html<\/a><\/p>\n\n\n\n<figure class=\"wp-block-image size-full\"><img loading=\"lazy\" decoding=\"async\" width=\"565\" height=\"411\" src=\"https:\/\/civitas-mexico.com\/wp-content\/uploads\/2024\/02\/image-35.png\" alt=\"\" class=\"wp-image-854\" srcset=\"https:\/\/civitas-mexico.com\/wp-content\/uploads\/2024\/02\/image-35.png 565w, https:\/\/civitas-mexico.com\/wp-content\/uploads\/2024\/02\/image-35-300x218.png 300w\" sizes=\"auto, (max-width: 565px) 100vw, 565px\" \/><\/figure>\n\n\n\n<p>Una ilustraci\u00f3n falsa y surrealista de una tierra plana en el espacio<\/p>\n","protected":false},"excerpt":{"rendered":"<p>Articulo original : https:\/\/profidecatholica.com\/2024\/01\/31\/quand-un-membre-representant-les-pensees-gnostiques-et-un-sectateur-du-culte-de-mytra-chercherent-a-destabiliser-le-magistere-infaillible-de-leglise\/ Publicado el 31 de enero de 2024, por Chaux-de-Toureyre, Traducido por Elisa Hern\u00e1ndez San Roberto-Bellarmin Lo que hoy se conoce en [&hellip;]<\/p>\n","protected":false},"author":1,"featured_media":845,"comment_status":"open","ping_status":"open","sticky":false,"template":"","format":"standard","meta":{"footnotes":"","jetpack_publicize_message":"","jetpack_publicize_feature_enabled":true,"jetpack_social_post_already_shared":true,"jetpack_social_options":{"image_generator_settings":{"template":"highway","enabled":false}}},"categories":[32,71],"tags":[317,322,318,321,320,319],"class_list":["post-844","post","type-post","status-publish","format-standard","has-post-thumbnail","hentry","category-religion","category-teologia","tag-ciencias","tag-copernico","tag-einstein","tag-galileo","tag-kepler","tag-lemaitre"],"jetpack_publicize_connections":[],"jetpack_featured_media_url":"https:\/\/civitas-mexico.com\/wp-content\/uploads\/2024\/02\/image-26.png","jetpack-related-posts":[],"jetpack_sharing_enabled":true,"jetpack_likes_enabled":true,"_links":{"self":[{"href":"https:\/\/civitas-mexico.com\/index.php\/wp-json\/wp\/v2\/posts\/844","targetHints":{"allow":["GET"]}}],"collection":[{"href":"https:\/\/civitas-mexico.com\/index.php\/wp-json\/wp\/v2\/posts"}],"about":[{"href":"https:\/\/civitas-mexico.com\/index.php\/wp-json\/wp\/v2\/types\/post"}],"author":[{"embeddable":true,"href":"https:\/\/civitas-mexico.com\/index.php\/wp-json\/wp\/v2\/users\/1"}],"replies":[{"embeddable":true,"href":"https:\/\/civitas-mexico.com\/index.php\/wp-json\/wp\/v2\/comments?post=844"}],"version-history":[{"count":1,"href":"https:\/\/civitas-mexico.com\/index.php\/wp-json\/wp\/v2\/posts\/844\/revisions"}],"predecessor-version":[{"id":855,"href":"https:\/\/civitas-mexico.com\/index.php\/wp-json\/wp\/v2\/posts\/844\/revisions\/855"}],"wp:featuredmedia":[{"embeddable":true,"href":"https:\/\/civitas-mexico.com\/index.php\/wp-json\/wp\/v2\/media\/845"}],"wp:attachment":[{"href":"https:\/\/civitas-mexico.com\/index.php\/wp-json\/wp\/v2\/media?parent=844"}],"wp:term":[{"taxonomy":"category","embeddable":true,"href":"https:\/\/civitas-mexico.com\/index.php\/wp-json\/wp\/v2\/categories?post=844"},{"taxonomy":"post_tag","embeddable":true,"href":"https:\/\/civitas-mexico.com\/index.php\/wp-json\/wp\/v2\/tags?post=844"}],"curies":[{"name":"wp","href":"https:\/\/api.w.org\/{rel}","templated":true}]}}