{"id":800,"date":"2024-02-02T15:32:24","date_gmt":"2024-02-02T21:32:24","guid":{"rendered":"https:\/\/civitas-mexico.com\/?p=800"},"modified":"2024-02-02T15:32:26","modified_gmt":"2024-02-02T21:32:26","slug":"una-imagen-conmovedora-y-reconfortante-agricultores-bendecidos-ayer-por-un-cura-cerca-de-bergerac","status":"publish","type":"post","link":"https:\/\/civitas-mexico.com\/index.php\/2024\/02\/02\/una-imagen-conmovedora-y-reconfortante-agricultores-bendecidos-ayer-por-un-cura-cerca-de-bergerac\/","title":{"rendered":"Una imagen conmovedora y reconfortante: agricultores bendecidos ayer por un cura cerca de Bergerac"},"content":{"rendered":"\n<p>Articulo original : <a href=\"https:\/\/www.medias-presse.info\/une-image-emouvante-et-reconfortante-des-paysans-benis-par-un-pretre-hier-du-cote-de-bergerac\/185520\/\">https:\/\/www.medias-presse.info\/une-image-emouvante-et-reconfortante-des-paysans-benis-par-un-pretre-hier-du-cote-de-bergerac\/185520\/<\/a><\/p>\n\n\n\n<p>por Fabien Laurent &#8211; 30 de enero de 2024, Traducido por Elisa Hern\u00e1ndez <\/p>\n\n\n\n<p>En Bergerac, un sacerdote bendice el convoy #AgriculteursEnColere de Lot-et-Garonne (Agricultores enfadados de Lot-et-Garonne)<\/p>\n\n\n\n<p>Esta foto se ha hecho viral y ha sido vista cientos de miles de veces, porque los franceses est\u00e1n profundamente conmovidos por este hermoso gesto.<\/p>\n\n\n\n<p>Nuestros colegas del peri\u00f3dico <em>Boulevard Voltaire<\/em> no se equivocaron al escribir:<\/p>\n\n\n\n<p>\u00abLa imagen, difundida por la cuenta X (antes Twitter) de <em>La D\u00e9p\u00eache 47<\/em>, ha sido un \u00e9xito en las redes sociales: en el arc\u00e9n de una carretera comarcal de Bergerac, un sacerdote, con la sotana al viento y un alfiler en la mano, bendice el convoy de tractores que enarbolan la bandera roja, blanca y azul en su camino hacia Par\u00eds. Desde el mercado de ganado de Agen, los campesinos tocan el claxon a pleno pulm\u00f3n. No van al frente, pero es lo mismo. Cabe se\u00f1alar que varios obispos de toda Francia han expresado p\u00fablicamente su apoyo a los ganaderos. Existe una larga y consustancial historia entre la pala y el hisopo. \u00bfQu\u00e9 ser\u00eda de la Iglesia si ya no hubiera pan y vino para celebrar la misa?<\/p>\n\n\n\n<p><a href=\"https:\/\/twitter.com\/i\/status\/1751948172891509134\">VIDEO aqu\u00ed<\/a><\/p>\n\n\n\n<figure class=\"wp-block-image size-full\"><img loading=\"lazy\" decoding=\"async\" width=\"940\" height=\"526\" src=\"https:\/\/civitas-mexico.com\/wp-content\/uploads\/2024\/02\/image-9.png\" alt=\"\" class=\"wp-image-801\" srcset=\"https:\/\/civitas-mexico.com\/wp-content\/uploads\/2024\/02\/image-9.png 940w, https:\/\/civitas-mexico.com\/wp-content\/uploads\/2024\/02\/image-9-300x168.png 300w, https:\/\/civitas-mexico.com\/wp-content\/uploads\/2024\/02\/image-9-768x430.png 768w\" sizes=\"auto, (max-width: 940px) 100vw, 940px\" \/><\/figure>\n\n\n\n<p>Un enorme agradecimiento a este abad (1), \u00e9l mismo hijo y nieto de campesino, que bendice con bondad y emoci\u00f3n al pueblo de Francia, un pa\u00eds carnal donde no hay un campesino que no trabaje en un campo rodeado de campanarios y calvarios, a menudo al son del \u00c1ngelus.<\/p>\n\n\n\n<p>Un soplo de aire fresco en este mundo sofocante.<\/p>\n\n\n\n<p>Gracias, Padre: tiene nuestras oraciones y nuestra gratitud.<\/p>\n\n\n\n<p>El padre Michel Morille es prior del priorato Sainte-Jeanne d&#8217;Arc de Bergerac (FSSPX).<\/p>\n\n\n\n<p><a href=\"https:\/\/twitter.com\/i\/status\/1752015712946643213\">VIDEO aqu\u00ed<\/a><\/p>\n\n\n\n<figure class=\"wp-block-image size-full\"><img loading=\"lazy\" decoding=\"async\" width=\"764\" height=\"766\" src=\"https:\/\/civitas-mexico.com\/wp-content\/uploads\/2024\/02\/image-10.png\" alt=\"\" class=\"wp-image-802\" srcset=\"https:\/\/civitas-mexico.com\/wp-content\/uploads\/2024\/02\/image-10.png 764w, https:\/\/civitas-mexico.com\/wp-content\/uploads\/2024\/02\/image-10-300x300.png 300w, https:\/\/civitas-mexico.com\/wp-content\/uploads\/2024\/02\/image-10-150x150.png 150w, https:\/\/civitas-mexico.com\/wp-content\/uploads\/2024\/02\/image-10-400x400.png 400w, https:\/\/civitas-mexico.com\/wp-content\/uploads\/2024\/02\/image-10-45x45.png 45w\" sizes=\"auto, (max-width: 764px) 100vw, 764px\" \/><\/figure>\n","protected":false},"excerpt":{"rendered":"<p>Articulo original : https:\/\/www.medias-presse.info\/une-image-emouvante-et-reconfortante-des-paysans-benis-par-un-pretre-hier-du-cote-de-bergerac\/185520\/ por Fabien Laurent &#8211; 30 de enero de 2024, Traducido por Elisa Hern\u00e1ndez En Bergerac, un sacerdote bendice el convoy #AgriculteursEnColere [&hellip;]<\/p>\n","protected":false},"author":1,"featured_media":801,"comment_status":"open","ping_status":"open","sticky":false,"template":"","format":"standard","meta":{"footnotes":"","jetpack_publicize_message":"","jetpack_publicize_feature_enabled":true,"jetpack_social_post_already_shared":true,"jetpack_social_options":{"image_generator_settings":{"template":"highway","enabled":false}}},"categories":[25,32],"tags":[159,302,303],"class_list":["post-800","post","type-post","status-publish","format-standard","has-post-thumbnail","hentry","category-francia","category-religion","tag-agricultores","tag-bergerac","tag-fsspx"],"jetpack_publicize_connections":[],"jetpack_featured_media_url":"https:\/\/civitas-mexico.com\/wp-content\/uploads\/2024\/02\/image-9.png","jetpack-related-posts":[],"jetpack_sharing_enabled":true,"jetpack_likes_enabled":true,"_links":{"self":[{"href":"https:\/\/civitas-mexico.com\/index.php\/wp-json\/wp\/v2\/posts\/800","targetHints":{"allow":["GET"]}}],"collection":[{"href":"https:\/\/civitas-mexico.com\/index.php\/wp-json\/wp\/v2\/posts"}],"about":[{"href":"https:\/\/civitas-mexico.com\/index.php\/wp-json\/wp\/v2\/types\/post"}],"author":[{"embeddable":true,"href":"https:\/\/civitas-mexico.com\/index.php\/wp-json\/wp\/v2\/users\/1"}],"replies":[{"embeddable":true,"href":"https:\/\/civitas-mexico.com\/index.php\/wp-json\/wp\/v2\/comments?post=800"}],"version-history":[{"count":1,"href":"https:\/\/civitas-mexico.com\/index.php\/wp-json\/wp\/v2\/posts\/800\/revisions"}],"predecessor-version":[{"id":803,"href":"https:\/\/civitas-mexico.com\/index.php\/wp-json\/wp\/v2\/posts\/800\/revisions\/803"}],"wp:featuredmedia":[{"embeddable":true,"href":"https:\/\/civitas-mexico.com\/index.php\/wp-json\/wp\/v2\/media\/801"}],"wp:attachment":[{"href":"https:\/\/civitas-mexico.com\/index.php\/wp-json\/wp\/v2\/media?parent=800"}],"wp:term":[{"taxonomy":"category","embeddable":true,"href":"https:\/\/civitas-mexico.com\/index.php\/wp-json\/wp\/v2\/categories?post=800"},{"taxonomy":"post_tag","embeddable":true,"href":"https:\/\/civitas-mexico.com\/index.php\/wp-json\/wp\/v2\/tags?post=800"}],"curies":[{"name":"wp","href":"https:\/\/api.w.org\/{rel}","templated":true}]}}