{"id":671,"date":"2024-01-25T18:00:19","date_gmt":"2024-01-26T00:00:19","guid":{"rendered":"https:\/\/civitas-mexico.com\/?p=671"},"modified":"2024-01-25T18:00:21","modified_gmt":"2024-01-26T00:00:21","slug":"complejo-mesianico-klaus-schwab-proclama-a-los-dirigentes-de-davos-administradores-del-futuro","status":"publish","type":"post","link":"https:\/\/civitas-mexico.com\/index.php\/2024\/01\/25\/complejo-mesianico-klaus-schwab-proclama-a-los-dirigentes-de-davos-administradores-del-futuro\/","title":{"rendered":"\u00bfComplejo mesi\u00e1nico? Klaus Schwab proclama a los dirigentes de Davos \u201cadministradores del futuro\u201d"},"content":{"rendered":"\n<p>Articulo original : <a href=\"https:\/\/www.medias-presse.info\/complexe-messianique-schwab-proclame-les-elites-non-elues-de-davos-administrateurs-du-futur\/185154\/\">https:\/\/www.medias-presse.info\/complexe-messianique-schwab-proclame-les-elites-non-elues-de-davos-administrateurs-du-futur\/185154\/<\/a><\/p>\n\n\n\n<p>por Pierre-Alain Depauw &#8211; 22 de enero de 2024, Traducido por Elisa Hern\u00e1ndez <\/p>\n\n\n\n<figure class=\"wp-block-image alignleft size-full is-resized\"><img loading=\"lazy\" decoding=\"async\" width=\"940\" height=\"581\" src=\"https:\/\/civitas-mexico.com\/wp-content\/uploads\/2024\/01\/image-39.png\" alt=\"\" class=\"wp-image-672\" style=\"width:521px;height:auto\" srcset=\"https:\/\/civitas-mexico.com\/wp-content\/uploads\/2024\/01\/image-39.png 940w, https:\/\/civitas-mexico.com\/wp-content\/uploads\/2024\/01\/image-39-300x185.png 300w, https:\/\/civitas-mexico.com\/wp-content\/uploads\/2024\/01\/image-39-768x475.png 768w\" sizes=\"auto, (max-width: 940px) 100vw, 940px\" \/><\/figure>\n\n\n\n<p><strong>El enfoque de los globalistas &#8211; no elegidos &#8211; para <em>restaurar la confianza<\/em> consiste en declararse administradores del futuro de la humanidad.<\/strong><\/p>\n\n\n\n<p>El fundador del Foro Econ\u00f3mico Mundial (FEM), Klaus Schwab, se proclama a s\u00ed mismo y a los miembros del Foro Econ\u00f3mico Mundial de Davos \u00abadministradores del futuro\u00bb.<\/p>\n\n\n\n<p>Al inaugurar la reuni\u00f3n anual del FEM el pasado martes en Davos (Suiza), Schwab se centr\u00f3 en el tema de la reuni\u00f3n de este a\u00f1o, \u00ab<em>Reconstruir la confianza<\/em>\u00ab, sin mencionar ni una sola vez la reconstrucci\u00f3n de la confianza de los ciudadanos.<\/p>\n\n\n\n<blockquote class=\"wp-block-quote is-layout-flow wp-block-quote-is-layout-flow\">\n<p><strong>\u00abNecesitamos reconstruir la confianza: confianza en nuestro futuro, confianza en nuestra capacidad para superar los retos y, sobre todo, confianza en los dem\u00e1s\u00bb,<\/strong> dijo Schwab, refiri\u00e9ndose a los participantes en esta reuni\u00f3n del Foro Econ\u00f3mico Mundial de Davos.<\/p>\n<\/blockquote>\n\n\n\n<p>A continuaci\u00f3n, dio una definici\u00f3n bastante espec\u00edfica de lo que entend\u00eda por \u00abconfianza\u00bb:<\/p>\n\n\n\n<p>\u00abLa confianza no es s\u00f3lo un sentimiento; la confianza es un compromiso para actuar, para creer, para esperar\u00bb.<\/p>\n\n\n\n<p>As\u00ed que, a ojos de Schwab, la confianza significa comprometerse a actuar, creer y esperar.<\/p>\n\n\n\n<p>As\u00ed que cada vez que Klaus Schwab dice: \u00abDebemos reconstruir la confianza\u00bb, lo que realmente est\u00e1 diciendo es que los globalistas no elegidos deben reconstruir sus propios compromisos de acci\u00f3n a trav\u00e9s de la esperanza y la fe.<\/p>\n\n\n\n<p>\u00bfC\u00f3mo esperan Schwab y los de Davos lograr la confianza (es decir, compromisos ciegos con la acci\u00f3n globalista)?<\/p>\n\n\n\n<p><strong>\u201cAdministradores del futuro\u201d<\/strong><\/p>\n\n\n\n<p>Schwab regurgit\u00f3 la necesidad de abrazar la narrativa del Great Reset (El Gran Reinicio) del FEM, que se lanz\u00f3 en noviembre de 2021 como una extensi\u00f3n del lanzamiento del programa Great Reset un a\u00f1o antes, declarando:<\/p>\n\n\n\n<p>Debemos redescubrir y abrazar la narrativa que ha impulsado a la humanidad desde sus inicios: actuar como custodios de un futuro mejor.<\/p>\n\n\n\n<p>Aqu\u00ed vemos la l\u00f3gica de Schwab al insistir en la necesidad de que los globalistas se conviertan en custodios del mundo.<\/p>\n\n\n\n<p>Para \u00abreconstruir la confianza\u00bb [compromisos de acci\u00f3n basados en la fe], \u00abnosotros\u00bb [los globalistas no elegidos] debemos actuar como \u00abadministradores\u00bb.<\/p>\n\n\n\n<blockquote class=\"wp-block-quote is-layout-flow wp-block-quote-is-layout-flow\">\n<p><strong>\u00abEl concepto de confianza y administraci\u00f3n fiduciaria nos obliga a pensar m\u00e1s all\u00e1 de las fronteras y m\u00e1s all\u00e1 de nuestras vidas\u00bb, afirm\u00f3 Schwab, y a\u00f1adi\u00f3: \u00abFomenta la colaboraci\u00f3n en lugar de la competencia, la sostenibilidad en lugar de la oportunidad y la empat\u00eda en lugar de la apat\u00eda\u00bb.<\/strong><\/p>\n<\/blockquote>\n\n\n\n<p>A continuaci\u00f3n, se proclam\u00f3 a s\u00ed mismo y a todos los dem\u00e1s miembros de Davos \u00abadministradores del futuro\u00bb.<\/p>\n\n\n\n<p>En algunos c\u00edrculos, a esto se le llama tener complejo mesi\u00e1nico.<\/p>\n\n\n\n<p>Como administradores del futuro, tenemos la responsabilidad de hacer avanzar un mundo m\u00e1s rico en posibilidades, m\u00e1s justo en oportunidades y m\u00e1s seguro en sus cimientos. Adem\u00e1s, como l\u00edderes en el gobierno, las empresas y la sociedad, tenemos la responsabilidad particular de reconstruir la confianza en la forma en que desempe\u00f1amos nuestro propio papel como administradores.<\/p>\n\n\n\n<p>En otras palabras, son los globalistas los responsables de reconstruir la confianza, porque se han nombrado a s\u00ed mismos custodios de nuestro futuro colectivo.<\/p>\n\n\n\n<p>Schwab concluy\u00f3 su discurso diciendo:<\/p>\n\n\n\n<p>La confianza es un pilar fundamental de nuestra vida social, econ\u00f3mica y pol\u00edtica. Es vital para la cooperaci\u00f3n, la cohesi\u00f3n social y el buen funcionamiento de las instituciones. Para restablecer la confianza, es fundamental encarnar la tutela, que significa velar por el bien com\u00fan. Aprovechemos esta reuni\u00f3n anual para reconstruir la confianza ejerciendo nuestra tutela individual y colectivamente para salvaguardar el futuro de la humanidad y de la naturaleza.<\/p>\n\n\n\n<p>Recapitulando, reconstruir la confianza significa \u00abun compromiso para actuar\u00bb por parte de los administradores no elegidos y autoproclamados que act\u00faan como gestores de nuestras vidas sociales, econ\u00f3micas y pol\u00edticas.<\/p>\n\n\n\n<p>Este es el tipo de ret\u00f3rica globalista que llev\u00f3 a la gente a perder la confianza en sus instituciones hace mucho tiempo &#8211; \u00abconf\u00ede en los expertos, conf\u00ede en la ciencia, conf\u00ede en las instituciones, no investigue por su cuenta, el pensamiento cr\u00edtico no sirve de nada\u00bb &#8211; cualquiera con ojos para ver u o\u00eddos para o\u00edr puede detectar la propaganda a la legua.<\/p>\n","protected":false},"excerpt":{"rendered":"<p>Articulo original : https:\/\/www.medias-presse.info\/complexe-messianique-schwab-proclame-les-elites-non-elues-de-davos-administrateurs-du-futur\/185154\/ por Pierre-Alain Depauw &#8211; 22 de enero de 2024, Traducido por Elisa Hern\u00e1ndez El enfoque de los globalistas &#8211; no elegidos [&hellip;]<\/p>\n","protected":false},"author":1,"featured_media":672,"comment_status":"open","ping_status":"open","sticky":false,"template":"","format":"standard","meta":{"footnotes":"","jetpack_publicize_message":"","jetpack_publicize_feature_enabled":true,"jetpack_social_post_already_shared":true,"jetpack_social_options":{"image_generator_settings":{"template":"highway","enabled":false}}},"categories":[26,85,13,12],"tags":[211,212,208],"class_list":["post-671","post","type-post","status-publish","format-standard","has-post-thumbnail","hentry","category-dictadura","category-economia","category-politica","category-sociedad","tag-davos","tag-schwab","tag-wef"],"jetpack_publicize_connections":[],"jetpack_featured_media_url":"https:\/\/civitas-mexico.com\/wp-content\/uploads\/2024\/01\/image-39.png","jetpack-related-posts":[],"jetpack_sharing_enabled":true,"jetpack_likes_enabled":true,"_links":{"self":[{"href":"https:\/\/civitas-mexico.com\/index.php\/wp-json\/wp\/v2\/posts\/671","targetHints":{"allow":["GET"]}}],"collection":[{"href":"https:\/\/civitas-mexico.com\/index.php\/wp-json\/wp\/v2\/posts"}],"about":[{"href":"https:\/\/civitas-mexico.com\/index.php\/wp-json\/wp\/v2\/types\/post"}],"author":[{"embeddable":true,"href":"https:\/\/civitas-mexico.com\/index.php\/wp-json\/wp\/v2\/users\/1"}],"replies":[{"embeddable":true,"href":"https:\/\/civitas-mexico.com\/index.php\/wp-json\/wp\/v2\/comments?post=671"}],"version-history":[{"count":1,"href":"https:\/\/civitas-mexico.com\/index.php\/wp-json\/wp\/v2\/posts\/671\/revisions"}],"predecessor-version":[{"id":673,"href":"https:\/\/civitas-mexico.com\/index.php\/wp-json\/wp\/v2\/posts\/671\/revisions\/673"}],"wp:featuredmedia":[{"embeddable":true,"href":"https:\/\/civitas-mexico.com\/index.php\/wp-json\/wp\/v2\/media\/672"}],"wp:attachment":[{"href":"https:\/\/civitas-mexico.com\/index.php\/wp-json\/wp\/v2\/media?parent=671"}],"wp:term":[{"taxonomy":"category","embeddable":true,"href":"https:\/\/civitas-mexico.com\/index.php\/wp-json\/wp\/v2\/categories?post=671"},{"taxonomy":"post_tag","embeddable":true,"href":"https:\/\/civitas-mexico.com\/index.php\/wp-json\/wp\/v2\/tags?post=671"}],"curies":[{"name":"wp","href":"https:\/\/api.w.org\/{rel}","templated":true}]}}