{"id":2222,"date":"2025-10-22T03:01:01","date_gmt":"2025-10-22T09:01:01","guid":{"rendered":"https:\/\/civitas-mexico.com\/?p=2222"},"modified":"2025-10-22T03:01:02","modified_gmt":"2025-10-22T09:01:02","slug":"permitira-el-papa-leon-que-la-fsspx-consagre-nuevos-obispos","status":"publish","type":"post","link":"https:\/\/civitas-mexico.com\/index.php\/2025\/10\/22\/permitira-el-papa-leon-que-la-fsspx-consagre-nuevos-obispos\/","title":{"rendered":"\u00bfPermitir\u00e1 el papa Le\u00f3n que la FSSPX consagre nuevos obispos?"},"content":{"rendered":"\n<p>Traduccion del articulo : <a href=\"https:\/\/www.medias-presse.info\/le-pape-leon-laissera-t-il-la-fsspx-consacrer-de-nouveaux-eveques\/209666\/\">https:\/\/www.medias-presse.info\/le-pape-leon-laissera-t-il-la-fsspx-consacrer-de-nouveaux-eveques\/209666\/<\/a><\/p>\n\n\n\n<p>Por <a href=\"https:\/\/www.medias-presse.info\/author\/christian-lassale\/\">Christian Lassale<\/a> &#8211; Traducido por Elisa Hern\u00e1ndez<\/p>\n\n\n\n<figure class=\"wp-block-image size-full\"><img loading=\"lazy\" decoding=\"async\" width=\"793\" height=\"450\" src=\"https:\/\/civitas-mexico.com\/wp-content\/uploads\/2025\/10\/image-26.png\" alt=\"\" class=\"wp-image-2223\" srcset=\"https:\/\/civitas-mexico.com\/wp-content\/uploads\/2025\/10\/image-26.png 793w, https:\/\/civitas-mexico.com\/wp-content\/uploads\/2025\/10\/image-26-300x170.png 300w, https:\/\/civitas-mexico.com\/wp-content\/uploads\/2025\/10\/image-26-768x436.png 768w\" sizes=\"auto, (max-width: 793px) 100vw, 793px\" \/><\/figure>\n\n\n\n<p>Captura de pantalla de LifeSiteNews TV<\/p>\n\n\n\n<blockquote class=\"wp-block-quote is-layout-flow wp-block-quote-is-layout-flow\">\n<h6 class=\"wp-block-heading\"><em>\u00abSupongo que al menos dos obispos estar\u00e1n autorizados a hacerlo, y creo que empezaremos a ver a otros obispos de la Iglesia ayudando a la sociedad, si eso tiene sentido\u00bb.<\/em><em><\/em><\/h6>\n<\/blockquote>\n\n\n\n<p><strong>Lea tambi\u00e9n sobre las futuras consagraciones en la FSSPX:<\/strong><\/p>\n\n\n\n<p>\u2013 24 de noviembre de 2023: <a href=\"https:\/\/www.medias-presse.info\/la-fsspx-annonce-des-sacres-prochains-sans-mandat-et-demande-a-ses-fideles-de-ne-pas-etre-troubles\/183975\/\">La FSSPX anuncia pr\u00f3ximas consagraciones \u2014sin mandato\u2014 y pide a sus fieles que no se alarmen<\/a><\/p>\n\n\n\n<p>\u2013 20 de junio de 2024: <a href=\"https:\/\/www.medias-presse.info\/m-labbe-benoit-de-jorna-fsspx-confirme-lannonce-de-nouveaux-sacres-pour-continuer-loperation-survie-de-la-tradition-catholique\/192038\/\">El padre Beno\u00eet de Jorna, FSSPX, confirma el anuncio de nuevas consagraciones para continuar la \u00aboperaci\u00f3n supervivencia\u00bb de la Tradici\u00f3n cat\u00f3lica.<\/a><\/p>\n\n\n\n<p>\u2013 27 de noviembre de 2024: <a href=\"https:\/\/www.medias-presse.info\/au-sujet-des-prochaines-consecrations-episcopales-dans-la-fsspx-une-prise-de-position-du-district-dallemagne-qui-interpelle\/198012\/\">A prop\u00f3sito de las pr\u00f3ximas consagraciones episcopales en la FSSPX: una toma de posici\u00f3n del distrito de Alemania que llama la atenci\u00f3n<\/a><\/p>\n\n\n\n<p>\u2013 14 de enero de 2025: <a href=\"https:\/\/www.medias-presse.info\/du-21-au-23-fevrier-2025-universite-dhiver-2025-les-sacres-deveques-dans-la-fsspx-schisme-ou-necessite\/199714\/\">Del 21 al 23 de febrero de 2025: Universidad de invierno 2025 \u2013 Las consagraciones episcopales en la FSSPX: \u00bfcisma o necesidad?<\/a><\/p>\n\n\n\n<p>\u2013 17 de enero de 2025: <a href=\"https:\/\/www.medias-presse.info\/pour-labbe-barthe-il-est-probable-que-francois-naccorde-pas-le-mandat-apostolique-qui-permettrait-a-la-fsspx-de-consacrer-licitement-des-eveques\/199860\/\">Para el abad Barthe, es probable que Francisco no conceda el mandato apost\u00f3lico que permitir\u00eda a la FSSPX consagrar l\u00edcitamente obispos<\/a><\/p>\n\n\n\n<p>\u2013 3 de febrero de 2025: <a href=\"https:\/\/www.medias-presse.info\/fraternite-de-la-transfiguration-il-ny-a-pas-a-demander-lautorisation-de-sacrer-mais-il-convient-simplement-de-prevenir-rome-parce-que-nous-sommes-catholiques\/200639\/\">Fraternidad de la Transfiguraci\u00f3n: \u00abNo hay que pedir autorizaci\u00f3n para consagrar, sino que simplemente hay que avisar a Roma, porque somos cat\u00f3licos\u00bb.<\/a><\/p>\n\n\n\n<p>\u2013 25 de julio de 2025: <a href=\"https:\/\/www.medias-presse.info\/a-propos-des-futurs-sacres-dans-la-fsspx-avec-ou-sans-mandat-par-labbe-jean-michel-gleize\/207603\/\">A prop\u00f3sito de las futuras consagraciones en la FSSPX: \u00abCon o sin mandato\u00bb, por el abad Jean-Michel GLEIZE<\/a><\/p>\n\n\n\n<p><strong>MPI no tiene ninguna intenci\u00f3n de inmiscuirse en las decisiones, en un sentido u otro, que tomen las autoridades de la FSSPX<\/strong> para nombrar nuevos obispos auxiliares con el fin de continuar la obra de su venerado fundador, <strong>Monse\u00f1or Marcel Lefebvre<\/strong>, de feliz memoria.<\/p>\n\n\n\n<p>Solo aportamos algunas respuestas a las numerosas preguntas que se plantean nuestros lectores.<\/p>\n\n\n\n<p>Hoy, MPI ofrece a la sagacidad de los fieles de la Tradici\u00f3n en todo el mundo la transcripci\u00f3n de la entrevista televisiva (1) que <strong>Hall Kennedy<\/strong> concedi\u00f3 a LifeSite News, el sitio web cat\u00f3lico conservador m\u00e1s importante de Estados Unidos, que algunos consideran muy cercano a la FSSPX.<\/p>\n\n\n\n<p>Hall Kennedy, considerado por algunos como el portavoz \u00aboficioso\u00bb de la FSSPX en Estados Unidos, es muy conocido y respetado en los c\u00edrculos tradicionalistas estadounidenses. Responde a las preguntas de <strong>John-Henry Westen<\/strong>.<\/p>\n\n\n\n<h6 class=\"wp-block-heading\"><strong>A continuaci\u00f3n, la transcripci\u00f3n de este interesante punto de vista estadounidense:<\/strong><strong><\/strong><\/h6>\n\n\n\n<p><strong>Kennedy Hall<\/strong>: En principio, se ha concedido la autorizaci\u00f3n a la FSSPX, aunque en realidad nunca se ha llegado a un acuerdo sobre cu\u00e1ndo se le permitir\u00e1 ponerla en pr\u00e1ctica.<\/p>\n\n\n\n<p><strong>John-Henry Westen<\/strong>: La FSSPX le es muy querida. Y, dentro de la FSSPX, est\u00e1n atravesando ciertas dificultades, porque ten\u00edan su grupo inicial de obispos, luego los que fueron ordenados en 1988, lo que provoc\u00f3 revuelo, pero todo eso se ha calmado. Sin embargo, \u00bfcu\u00e1l es la situaci\u00f3n actual? S\u00e9 que es necesario tener nuevos obispos en la Iglesia, dentro de la FSSPX, pero existe un desacuerdo con Roma. \u00bfHay esperanzas en este sentido, reflexiones en este sentido? \u00bfTiene informaci\u00f3n al respecto?<\/p>\n\n\n\n<p><strong>Kennedy Hall<\/strong>: No tengo informaci\u00f3n privilegiada sobre la consagraci\u00f3n de nuevos obispos por parte de la FSSPX. Evidentemente, apoyo a la sociedad. He escrito un libro que he publicado por cuenta propia, titulado \u00abFSSPX, la defensa\u00bb, pero no trabajo para la sociedad ni para nada m\u00e1s. Quiero dejarlo claro, porque la gente piensa que formo parte de tal o cual conspiraci\u00f3n, y yo respondo: \u00abNo, solo soy, como dice Taylor, un padre con una webcam\u00bb. Taylor tiene una c\u00e1mara muy buena. De hecho, yo solo estoy delante de una webcam, as\u00ed que ya no puede decir eso.<\/p>\n\n\n\n<p>Sin embargo, hay mucha informaci\u00f3n p\u00fablica que la mayor\u00eda de la gente desconoce, ya sea porque est\u00e1 en otro idioma o porque proviene de conferencias u otras fuentes similares. La FSSPX no es muy activa en las redes sociales y otras plataformas similares. As\u00ed que s\u00ed, tendr\u00e1n que consagrar obispos. La FSSPX probablemente ha crecido, quiero decir, cuatro o cinco veces m\u00e1s que en 1988, quiz\u00e1 incluso m\u00e1s. Probablemente m\u00e1s, quiz\u00e1 diez veces m\u00e1s. <strong>Se estima que hoy en d\u00eda cuenta con alrededor de un mill\u00f3n de fieles en todo el mundo<\/strong>. Muchos de ellos se encuentran en Am\u00e9rica del Norte y Europa, y muchos otros en \u00c1frica y Asia. Cuenta con numerosos misioneros que viajan regularmente a diferentes pa\u00edses de Asia y otros lugares. Y les quedan dos obispos vivos que administran los sacramentos tradicionales reservados a los obispos. Es decir, las confirmaciones y, por supuesto, las ordenaciones sacerdotales y las consagraciones episcopales.<\/p>\n\n\n\n<p>He aqu\u00ed un poco de contexto: cuando <strong>Monse\u00f1or Lefebvre<\/strong> y <strong>Monse\u00f1or de Castro Mayer<\/strong>, que no pertenec\u00eda a la FSSPX, pero era brasile\u00f1o y tambi\u00e9n defend\u00eda la fe tradicional en aquella \u00e9poca, procedieron a las consagraciones, hubo un largo proceso destinado esencialmente a garantizar que todo fuera perfectamente legal y transparente, y la FSSPX obtuvo la autorizaci\u00f3n de principio, aunque en realidad nunca se lleg\u00f3 a un acuerdo sobre la fecha en que se les permitir\u00eda hacerlo. As\u00ed pues, se lleg\u00f3 a un acuerdo entre Lefebvre y Ratzinger.<\/p>\n\n\n\n<p>En cualquier caso, eso es lo que ocurri\u00f3, y <strong>Don Pagliarani<\/strong>, que es el superior general de la sociedad, declar\u00f3, creo que en 2021 o 2022, que evidentemente lo estaban considerando, y eso fue antes del fallecimiento de <strong>Monse\u00f1or Tissier<\/strong>, que Dios lo tenga en su gloria, y dijo que har\u00edan lo mismo. <strong>Por lo tanto, no habr\u00e1 consagraci\u00f3n en medio de la noche ni ceremonia secreta<\/strong>, sino m\u00e1s bien una presentaci\u00f3n al Santo Padre para comunicarle su intenci\u00f3n y pedirle su bendici\u00f3n, y si usted desea que procedan de tal o cual manera, lo har\u00e1n.<\/p>\n\n\n\n<p><strong>La \u00fanica forma de proceder sin autorizaci\u00f3n ser\u00eda haber agotado todas las opciones y que quedara claro que, para preservar el sacerdocio tradicional, no hay otra soluci\u00f3n, el estado de necesidad, por as\u00ed decirlo, y eso es lo que est\u00e1 previsto.<\/strong><\/p>\n\n\n\n<p>Entonces, dado que ahora solo quedan dos obispos, varios superiores generales o superiores de distrito, en Italia, Alemania, etc., han declarado que s\u00ed, que es algo que veremos en un futuro pr\u00f3ximo. Probablemente eso signifique el a\u00f1o que viene, probablemente no este a\u00f1o, ya que suele ocurrir en verano. <strong>Sin embargo, por lo que s\u00e9, est\u00e1n en conversaciones en este momento y lo han estado durante alg\u00fan tiempo.<\/strong> As\u00ed que a\u00fan est\u00e1 por verse. Personalmente, creo que el papa Le\u00f3n querr\u00e1 evitar otro 1988 por varias razones. En primer lugar, la situaci\u00f3n es muy diferente a la de 1988. En aquel entonces, la tradici\u00f3n se consideraba un fen\u00f3meno muy marginal, incluso rebelde.<\/p>\n\n\n\n<p>Hoy en d\u00eda est\u00e1 muy de moda y la mayor peregrinaci\u00f3n de la Iglesia es la de los cat\u00f3licos tradicionales en Francia. Por lo tanto, es noticia en los medios de comunicaci\u00f3n generalistas. Y, como saben, nuestro amigo com\u00fan <strong>Taylor Marshall<\/strong>, el podcaster cat\u00f3lico angl\u00f3fono m\u00e1s importante del mundo, habla en su canal de su amor por Mons. Lefebvre y de otros temas similares. As\u00ed que las cosas son muy diferentes de lo que eran entonces. Las repercusiones de 1988 fueron muy desconcertantes, porque desde un punto de vista can\u00f3nico se trataba de una decisi\u00f3n muy enga\u00f1osa o dudosa, que ha sido objeto de acalorados debates entre los canonistas durante los \u00faltimos 37 a\u00f1os. Y el papa Le\u00f3n es canonista. Creo que esto es importante, porque \u00e9l querr\u00e1 encontrar una soluci\u00f3n real a este problema. \u00bfQu\u00e9 har\u00e1? Mi intuici\u00f3n me dice que querr\u00e1 encontrar una soluci\u00f3n. No s\u00e9 cu\u00e1l ser\u00e1 esa soluci\u00f3n, pero supongo que al menos dos obispos estar\u00e1n autorizados a hacerlo, y creo que empezaremos a ver a otros obispos de la Iglesia ayudando a la sociedad, si eso tiene sentido.<\/p>\n\n\n\n<p><\/p>\n","protected":false},"excerpt":{"rendered":"<p>Traduccion del articulo : https:\/\/www.medias-presse.info\/le-pape-leon-laissera-t-il-la-fsspx-consacrer-de-nouveaux-eveques\/209666\/ Por Christian Lassale &#8211; Traducido por Elisa Hern\u00e1ndez Captura de pantalla de LifeSiteNews TV \u00abSupongo que al menos dos obispos [&hellip;]<\/p>\n","protected":false},"author":1,"featured_media":2223,"comment_status":"open","ping_status":"open","sticky":false,"template":"","format":"standard","meta":{"footnotes":"","jetpack_publicize_message":"","jetpack_publicize_feature_enabled":true,"jetpack_social_post_already_shared":true,"jetpack_social_options":{"image_generator_settings":{"template":"highway","enabled":false}}},"categories":[39,32],"tags":[303,123,856],"class_list":["post-2222","post","type-post","status-publish","format-standard","has-post-thumbnail","hentry","category-iglesia","category-religion","tag-fsspx","tag-obispos","tag-papa-leon"],"jetpack_publicize_connections":[],"jetpack_featured_media_url":"https:\/\/civitas-mexico.com\/wp-content\/uploads\/2025\/10\/image-26.png","jetpack-related-posts":[],"jetpack_sharing_enabled":true,"jetpack_likes_enabled":true,"_links":{"self":[{"href":"https:\/\/civitas-mexico.com\/index.php\/wp-json\/wp\/v2\/posts\/2222","targetHints":{"allow":["GET"]}}],"collection":[{"href":"https:\/\/civitas-mexico.com\/index.php\/wp-json\/wp\/v2\/posts"}],"about":[{"href":"https:\/\/civitas-mexico.com\/index.php\/wp-json\/wp\/v2\/types\/post"}],"author":[{"embeddable":true,"href":"https:\/\/civitas-mexico.com\/index.php\/wp-json\/wp\/v2\/users\/1"}],"replies":[{"embeddable":true,"href":"https:\/\/civitas-mexico.com\/index.php\/wp-json\/wp\/v2\/comments?post=2222"}],"version-history":[{"count":1,"href":"https:\/\/civitas-mexico.com\/index.php\/wp-json\/wp\/v2\/posts\/2222\/revisions"}],"predecessor-version":[{"id":2224,"href":"https:\/\/civitas-mexico.com\/index.php\/wp-json\/wp\/v2\/posts\/2222\/revisions\/2224"}],"wp:featuredmedia":[{"embeddable":true,"href":"https:\/\/civitas-mexico.com\/index.php\/wp-json\/wp\/v2\/media\/2223"}],"wp:attachment":[{"href":"https:\/\/civitas-mexico.com\/index.php\/wp-json\/wp\/v2\/media?parent=2222"}],"wp:term":[{"taxonomy":"category","embeddable":true,"href":"https:\/\/civitas-mexico.com\/index.php\/wp-json\/wp\/v2\/categories?post=2222"},{"taxonomy":"post_tag","embeddable":true,"href":"https:\/\/civitas-mexico.com\/index.php\/wp-json\/wp\/v2\/tags?post=2222"}],"curies":[{"name":"wp","href":"https:\/\/api.w.org\/{rel}","templated":true}]}}