{"id":2210,"date":"2025-10-22T01:37:25","date_gmt":"2025-10-22T07:37:25","guid":{"rendered":"https:\/\/civitas-mexico.com\/?p=2210"},"modified":"2025-10-22T01:37:26","modified_gmt":"2025-10-22T07:37:26","slug":"los-sindicatos-atacan-las-fiestas-cristianas","status":"publish","type":"post","link":"https:\/\/civitas-mexico.com\/index.php\/2025\/10\/22\/los-sindicatos-atacan-las-fiestas-cristianas\/","title":{"rendered":"Los sindicatos atacan las fiestas cristianas"},"content":{"rendered":"\n<p>Traducci\u00f3n del art\u00edculo : <a href=\"https:\/\/www.medias-presse.info\/les-syndicats-sattaquent-aux-fetes-chretiennes-par-jacques-frantz\/209947\/\">https:\/\/www.medias-presse.info\/les-syndicats-sattaquent-aux-fetes-chretiennes-par-jacques-frantz\/209947\/<\/a><\/p>\n\n\n\n<p>por <a href=\"https:\/\/www.medias-presse.info\/author\/jacques-frantz\/\">Jacques Frantz<\/a> &#8211; Traducido por Elisa Hern\u00e1ndez<\/p>\n\n\n\n<figure class=\"wp-block-image size-full is-resized\"><img loading=\"lazy\" decoding=\"async\" width=\"741\" height=\"769\" src=\"https:\/\/civitas-mexico.com\/wp-content\/uploads\/2025\/10\/image-23.png\" alt=\"\" class=\"wp-image-2211\" style=\"width:515px;height:auto\" srcset=\"https:\/\/civitas-mexico.com\/wp-content\/uploads\/2025\/10\/image-23.png 741w, https:\/\/civitas-mexico.com\/wp-content\/uploads\/2025\/10\/image-23-289x300.png 289w\" sizes=\"auto, (max-width: 741px) 100vw, 741px\" \/><\/figure>\n\n\n\n<p><em>\u00bfUsted prefiere tomar el d\u00eda 15 de Agosto para Yom Kipur o para el Eid al-Adha?<\/em><\/p>\n\n\n\n<hr class=\"wp-block-separator has-alpha-channel-opacity\"\/>\n\n\n\n<blockquote class=\"wp-block-quote is-layout-flow wp-block-quote-is-layout-flow\">\n<h6 class=\"wp-block-heading\"><strong>\u00abLa persecuci\u00f3n siempre comienza con los s\u00edmbolos\u00bb.<\/strong><\/h6>\n<\/blockquote>\n\n\n\n<p>Hoy se ha sabido que el sindicato FSU-SNUipp ha propuesto cambiar sistem\u00e1ticamente los nombres de las vacaciones para eliminar las referencias cristianas.<\/p>\n\n\n\n<p>Los representantes de los integristas, vestidos con piel de cordero, durante una sesi\u00f3n del Consejo Superior de Educaci\u00f3n (otro organismo creado para colocar a sus amigos), a trav\u00e9s del sindicato mencionado, han propuesto eliminar toda referencia cristiana de las vacaciones escolares para, supuestamente, ajustarse mejor a la realidad.<\/p>\n\n\n\n<p>Huelga decir que las decisiones tomadas por este \u00abcomit\u00e9 Th\u00e9odule\u00bb son puramente formales y no vinculantes.<\/p>\n\n\n\n<p>No obstante, no podemos sino ver en ello un globo sonda para ver c\u00f3mo reacciona la opini\u00f3n p\u00fablica.<\/p>\n\n\n\n<h6 class=\"wp-block-heading\"><strong>Es cierto que la escuela funciona tan bien en Francia que no hab\u00eda nada m\u00e1s urgente que hacer.<\/strong><\/h6>\n\n\n\n<p>El tr\u00e1fico, la violencia en el entorno escolar, la catastr\u00f3fica ca\u00edda del nivel, la falta de adquisici\u00f3n de las bases, el absentismo&#8230; Todo eso puede esperar.<\/p>\n\n\n\n<p>Por lo tanto, no hay nada m\u00e1s urgente que complacer a la clientela de la extrema izquierda. S\u00ed, porque el sindicalismo en Francia no es m\u00e1s que el reflejo de las corrientes pol\u00edticas desde hace 80 a\u00f1os. Gracias al Partido Comunista y gracias a De Gaulle.<\/p>\n\n\n\n<h6 class=\"wp-block-heading\">As\u00ed que, para llamar al pan, pan, y al vino, vino, diremos que la extrema izquierda y sus portavoces atacan estos s\u00edmbolos por odio a los cristianos, por supuesto, pero tambi\u00e9n para adaptarse a la realidad.<\/h6>\n\n\n\n<h6 class=\"wp-block-heading\"><strong>Es decir, a las poblaciones hal\u00f3genas que han venido a enriquecer el pa\u00eds.<\/strong><\/h6>\n\n\n\n<p>Y son los mismos representantes de los docentes los que luego se quejan cuando un profesor es v\u00edctima de violencia. Empieza con comportamientos irrespetuosos, contin\u00faa con amonestaciones y termina con un cuchillo. Hasta tal punto que esos mismos docentes escolarizan a sus hijos en colegios privados.<\/p>\n\n\n\n<p>En definitiva, desde hace d\u00e9cadas, favorecen una pol\u00edtica cuyos frutos se niegan a consumir, lo que no les impide seguir haci\u00e9ndolo.<\/p>\n\n\n\n<p>Francamente, \u00a1bravo! Es un verdadero \u00absin falta\u00bb.<\/p>\n\n\n\n<p>La UNI (sindicato que se autodenomina de derecha) ha publicado una petici\u00f3n en su sitio web: (<a href=\"https:\/\/www.uni.asso.fr\/petition-de-luni-pour-la-defense-des-racines-chretiennes-dans-les-vacances-scolaires\/\">https:\/\/www.uni.asso.fr\/petition-de-luni-pour-la-defense-des-racines-chretiennes-dans-les-vacances-scolaires\/<\/a>)<\/p>\n\n\n\n<p>Personalmente, no firmo ninguna, pero difundo esta para ofrecer a nuestros lectores la informaci\u00f3n m\u00e1s completa posible.<\/p>\n\n\n\n<p>Sin embargo, no hay duda de que, tarde o temprano, el ministerio, a pesar de las firmas que recoja esta petici\u00f3n, aprobar\u00e1 discretamente una circular para modificar el calendario de vacaciones en aras de \u00abuna mayor inclusividad y laicidad\u00bb, con el fin de sensibilizar a Karim y a sus hermanos sobre los valores republicanos.<\/p>\n\n\n\n<p>Que me perdonen por esta conclusi\u00f3n tan sombr\u00eda, pero a aquellos que solo ven en ello una lucha de retaguardia y un hecho simb\u00f3lico de poca importancia, les dir\u00e9 que la persecuci\u00f3n siempre comienza con s\u00edmbolos.<\/p>\n\n\n\n<p><\/p>\n","protected":false},"excerpt":{"rendered":"<p>Traducci\u00f3n del art\u00edculo : https:\/\/www.medias-presse.info\/les-syndicats-sattaquent-aux-fetes-chretiennes-par-jacques-frantz\/209947\/ por Jacques Frantz &#8211; Traducido por Elisa Hern\u00e1ndez \u00bfUsted prefiere tomar el d\u00eda 15 de Agosto para Yom Kipur o [&hellip;]<\/p>\n","protected":false},"author":1,"featured_media":2211,"comment_status":"open","ping_status":"open","sticky":false,"template":"","format":"standard","meta":{"footnotes":"","jetpack_publicize_message":"","jetpack_publicize_feature_enabled":true,"jetpack_social_post_already_shared":true,"jetpack_social_options":{"image_generator_settings":{"template":"highway","enabled":false}}},"categories":[733,25,13,32,12],"tags":[852],"class_list":["post-2210","post","type-post","status-publish","format-standard","has-post-thumbnail","hentry","category-cristianofobia","category-francia","category-politica","category-religion","category-sociedad","tag-fiestas"],"jetpack_publicize_connections":[],"jetpack_featured_media_url":"https:\/\/civitas-mexico.com\/wp-content\/uploads\/2025\/10\/image-23.png","jetpack-related-posts":[],"jetpack_sharing_enabled":true,"jetpack_likes_enabled":true,"_links":{"self":[{"href":"https:\/\/civitas-mexico.com\/index.php\/wp-json\/wp\/v2\/posts\/2210","targetHints":{"allow":["GET"]}}],"collection":[{"href":"https:\/\/civitas-mexico.com\/index.php\/wp-json\/wp\/v2\/posts"}],"about":[{"href":"https:\/\/civitas-mexico.com\/index.php\/wp-json\/wp\/v2\/types\/post"}],"author":[{"embeddable":true,"href":"https:\/\/civitas-mexico.com\/index.php\/wp-json\/wp\/v2\/users\/1"}],"replies":[{"embeddable":true,"href":"https:\/\/civitas-mexico.com\/index.php\/wp-json\/wp\/v2\/comments?post=2210"}],"version-history":[{"count":1,"href":"https:\/\/civitas-mexico.com\/index.php\/wp-json\/wp\/v2\/posts\/2210\/revisions"}],"predecessor-version":[{"id":2212,"href":"https:\/\/civitas-mexico.com\/index.php\/wp-json\/wp\/v2\/posts\/2210\/revisions\/2212"}],"wp:featuredmedia":[{"embeddable":true,"href":"https:\/\/civitas-mexico.com\/index.php\/wp-json\/wp\/v2\/media\/2211"}],"wp:attachment":[{"href":"https:\/\/civitas-mexico.com\/index.php\/wp-json\/wp\/v2\/media?parent=2210"}],"wp:term":[{"taxonomy":"category","embeddable":true,"href":"https:\/\/civitas-mexico.com\/index.php\/wp-json\/wp\/v2\/categories?post=2210"},{"taxonomy":"post_tag","embeddable":true,"href":"https:\/\/civitas-mexico.com\/index.php\/wp-json\/wp\/v2\/tags?post=2210"}],"curies":[{"name":"wp","href":"https:\/\/api.w.org\/{rel}","templated":true}]}}