{"id":2206,"date":"2025-10-22T01:28:47","date_gmt":"2025-10-22T07:28:47","guid":{"rendered":"https:\/\/civitas-mexico.com\/?p=2206"},"modified":"2025-10-22T01:28:48","modified_gmt":"2025-10-22T07:28:48","slug":"el-salvador-prohibe-el-lenguaje-inclusivo-en-las-escuelas-y-las-administraciones","status":"publish","type":"post","link":"https:\/\/civitas-mexico.com\/index.php\/2025\/10\/22\/el-salvador-prohibe-el-lenguaje-inclusivo-en-las-escuelas-y-las-administraciones\/","title":{"rendered":"El Salvador proh\u00edbe el lenguaje inclusivo en las escuelas y las administraciones"},"content":{"rendered":"\n<p>Traduccion del articulo : <a href=\"https:\/\/www.medias-presse.info\/le-salvador-interdit-le-langage-dit-inclusif-dans-les-ecoles-et-les-administrations\/209943\/\">https:\/\/www.medias-presse.info\/le-salvador-interdit-le-langage-dit-inclusif-dans-les-ecoles-et-les-administrations\/209943\/<\/a><\/p>\n\n\n\n<p>por <a href=\"https:\/\/www.medias-presse.info\/author\/joaquim\/\">Joaquim De Alburquerque<\/a> &#8211; Traducido por Elisa Hern\u00e1ndez<\/p>\n\n\n\n<figure class=\"wp-block-image size-full\"><img loading=\"lazy\" decoding=\"async\" width=\"662\" height=\"378\" src=\"https:\/\/civitas-mexico.com\/wp-content\/uploads\/2025\/10\/image-22.png\" alt=\"\" class=\"wp-image-2207\" srcset=\"https:\/\/civitas-mexico.com\/wp-content\/uploads\/2025\/10\/image-22.png 662w, https:\/\/civitas-mexico.com\/wp-content\/uploads\/2025\/10\/image-22-300x171.png 300w\" sizes=\"auto, (max-width: 662px) 100vw, 662px\" \/><\/figure>\n\n\n\n<h6 class=\"wp-block-heading\"><strong>Rechazo de la ideolog\u00eda de genre<\/strong>\u00a0<\/h6>\n\n\n\n<p><strong>El Ministerio de Educaci\u00f3n, Ciencia y Tecnolog\u00eda de El Salvador ha decretado la prohibici\u00f3n del uso de un lenguaje supuestamente inclusivo en todos los centros escolares p\u00fablicos y departamentos bajo su jurisdicci\u00f3n. Esta medida es obligatoria en todo el pa\u00eds.<\/strong><\/p>\n\n\n\n<p>Mediante el memor\u00e1ndum n.\u00ba 22-2025, de fecha 2 de octubre de 2025, el Ministerio de Educaci\u00f3n, Ciencia y Tecnolog\u00eda de El Salvador comunic\u00f3 la prohibici\u00f3n del uso de lenguaje inclusivo en todos los centros educativos p\u00fablicos y en las administraciones bajo su jurisdicci\u00f3n.<strong>\u00a0<\/strong><\/p>\n\n\n\n<h6 class=\"wp-block-heading\"><strong>Evitar toda \u00abinjerencia ideol\u00f3gica o globalista\u00bb<\/strong><\/h6>\n\n\n\n<p>El documento, firmado por la ministra Karla Edith Trigueros, est\u00e1 dirigido a los directores de centros educativos, al personal docente y t\u00e9cnico-administrativo, a las comisiones y tribunales de la carrera docente, as\u00ed como a todo el personal de la Educaci\u00f3n Nacional. Esta disposici\u00f3n estipula que en ning\u00fan caso se permitir\u00e1 el uso de t\u00e9rminos como \u00abamigue\u00bb, \u00abcompa\u00f1ere\u00bb, \u00abni\u00f1e\u00bb, \u00abtodxs\u00bb, \u00abtodes\u00bb, \u00abalumn@ \u00bb, \u00abj\u00f3venxs\u00bb, \u00abnosotres\u00bb, entre otros, as\u00ed como cualquier otra distorsi\u00f3n ling\u00fc\u00edstica relacionada con una ideolog\u00eda de g\u00e9nero.<\/p>\n\n\n\n<p>Seg\u00fan el texto, esta medida tiene por objeto consolidar una \u00abcomunicaci\u00f3n institucional clara, coherente y respetuosa\u00bb. Tambi\u00e9n precisa que esta prohibici\u00f3n tiene como objetivo garantizar un uso adecuado del lenguaje y evitar cualquier \u00abinjerencia ideol\u00f3gica o globalista\u00bb que, seg\u00fan el documento, pueda perjudicar el desarrollo integral de los estudiantes.<\/p>\n\n\n\n<p>La normativa ser\u00e1 obligatoria en todo El Salvador y se aplicar\u00e1 tambi\u00e9n a los materiales educativos, contenidos, libros, circulares, documentos administrativos, correspondencia y otras comunicaciones oficiales del Ministerio.<\/p>\n\n\n\n<p>Por \u00faltimo, se pide al personal del Ministerio de Educaci\u00f3n, Ciencia y Tecnolog\u00eda de El Salvador (MINEDUCYT) que vele por el estricto cumplimiento de esta directiva en todos los documentos y mensajes oficiales.<\/p>\n\n\n\n<p><\/p>\n","protected":false},"excerpt":{"rendered":"<p>Traduccion del articulo : https:\/\/www.medias-presse.info\/le-salvador-interdit-le-langage-dit-inclusif-dans-les-ecoles-et-les-administrations\/209943\/ por Joaquim De Alburquerque &#8211; Traducido por Elisa Hern\u00e1ndez Rechazo de la ideolog\u00eda de genre\u00a0 El Ministerio de Educaci\u00f3n, Ciencia [&hellip;]<\/p>\n","protected":false},"author":1,"featured_media":2207,"comment_status":"open","ping_status":"open","sticky":false,"template":"","format":"standard","meta":{"footnotes":"","jetpack_publicize_message":"","jetpack_publicize_feature_enabled":true,"jetpack_social_post_already_shared":true,"jetpack_social_options":{"image_generator_settings":{"template":"highway","enabled":false}}},"categories":[11,13,12],"tags":[851,850],"class_list":["post-2206","post","type-post","status-publish","format-standard","has-post-thumbnail","hentry","category-educacion","category-politica","category-sociedad","tag-inclusivo","tag-salvador"],"jetpack_publicize_connections":[],"jetpack_featured_media_url":"https:\/\/civitas-mexico.com\/wp-content\/uploads\/2025\/10\/image-22.png","jetpack-related-posts":[],"jetpack_sharing_enabled":true,"jetpack_likes_enabled":true,"_links":{"self":[{"href":"https:\/\/civitas-mexico.com\/index.php\/wp-json\/wp\/v2\/posts\/2206","targetHints":{"allow":["GET"]}}],"collection":[{"href":"https:\/\/civitas-mexico.com\/index.php\/wp-json\/wp\/v2\/posts"}],"about":[{"href":"https:\/\/civitas-mexico.com\/index.php\/wp-json\/wp\/v2\/types\/post"}],"author":[{"embeddable":true,"href":"https:\/\/civitas-mexico.com\/index.php\/wp-json\/wp\/v2\/users\/1"}],"replies":[{"embeddable":true,"href":"https:\/\/civitas-mexico.com\/index.php\/wp-json\/wp\/v2\/comments?post=2206"}],"version-history":[{"count":1,"href":"https:\/\/civitas-mexico.com\/index.php\/wp-json\/wp\/v2\/posts\/2206\/revisions"}],"predecessor-version":[{"id":2208,"href":"https:\/\/civitas-mexico.com\/index.php\/wp-json\/wp\/v2\/posts\/2206\/revisions\/2208"}],"wp:featuredmedia":[{"embeddable":true,"href":"https:\/\/civitas-mexico.com\/index.php\/wp-json\/wp\/v2\/media\/2207"}],"wp:attachment":[{"href":"https:\/\/civitas-mexico.com\/index.php\/wp-json\/wp\/v2\/media?parent=2206"}],"wp:term":[{"taxonomy":"category","embeddable":true,"href":"https:\/\/civitas-mexico.com\/index.php\/wp-json\/wp\/v2\/categories?post=2206"},{"taxonomy":"post_tag","embeddable":true,"href":"https:\/\/civitas-mexico.com\/index.php\/wp-json\/wp\/v2\/tags?post=2206"}],"curies":[{"name":"wp","href":"https:\/\/api.w.org\/{rel}","templated":true}]}}