{"id":2028,"date":"2024-11-25T16:12:00","date_gmt":"2024-11-25T22:12:00","guid":{"rendered":"https:\/\/civitas-mexico.com\/?p=2028"},"modified":"2024-11-25T16:12:00","modified_gmt":"2024-11-25T22:12:00","slug":"rosario-de-reparacion-por-las-blasfemias-de-los-activistas-lgbt-contra-la-religion-catolica-paris","status":"publish","type":"post","link":"https:\/\/civitas-mexico.com\/index.php\/2024\/11\/25\/rosario-de-reparacion-por-las-blasfemias-de-los-activistas-lgbt-contra-la-religion-catolica-paris\/","title":{"rendered":"Rosario de reparaci\u00f3n por las blasfemias de los activistas LGBT contra la religi\u00f3n cat\u00f3lica (Par\u00eds)"},"content":{"rendered":"\n<p class=\"p1\"><\/p>\n\n\n\n<p class=\"p1\">\u00a1Cat\u00f3licos y franceses, siempre!<\/p>\n\n\n\n<p class=\"p1\">El lunes 18 de noviembre a las 20:00 horas, m\u00e1s de un centenar de j\u00f3venes cat\u00f3licos se reunieron frente a la catedral de Notre-Dame de Par\u00eds para rezar El Rosario en reparaci\u00f3n por las blasfemias cometidas por activistas LGBT en las \u00faltimas semanas, especialmente por la Fiesta sat\u00e1nica-estadounidense de Hallowen.<\/p>\n\n\n\n<p class=\"p1\">Los participantes quisieron expresar su apego a la festividad cristiana de Todos los Santos.<\/p>\n\n\n\n<figure class=\"wp-block-image size-large\"><img loading=\"lazy\" decoding=\"async\" width=\"200\" height=\"300\" src=\"https:\/\/civitas-mexico.com\/wp-content\/uploads\/2024\/11\/img_1281-4-1-200x300.jpg\" class=\"wp-image-2025\" srcset=\"https:\/\/civitas-mexico.com\/wp-content\/uploads\/2024\/11\/img_1281-4-1-200x300.jpg 200w, https:\/\/civitas-mexico.com\/wp-content\/uploads\/2024\/11\/img_1281-4-1.jpg 600w\" sizes=\"auto, (max-width: 200px) 100vw, 200px\" \/><\/figure>\n","protected":false},"excerpt":{"rendered":"<p>\u00a1Cat\u00f3licos y franceses, siempre! El lunes 18 de noviembre a las 20:00 horas, m\u00e1s de un centenar de j\u00f3venes cat\u00f3licos se reunieron frente a la [&hellip;]<\/p>\n","protected":false},"author":1,"featured_media":2030,"comment_status":"closed","ping_status":"open","sticky":false,"template":"","format":"standard","meta":{"footnotes":"","jetpack_publicize_message":"","jetpack_publicize_feature_enabled":true,"jetpack_social_post_already_shared":true,"jetpack_social_options":{"image_generator_settings":{"template":"highway","enabled":false}}},"categories":[636,733,25,24],"tags":[505,570,142,734,751],"class_list":["post-2028","post","type-post","status-publish","format-standard","has-post-thumbnail","hentry","category-civitas-international","category-cristianofobia","category-francia","category-libertad-de-expresion","tag-francia","tag-jovenes","tag-reparacion","tag-santo-rosario","tag-siempre-frances-y-catolicos"],"jetpack_publicize_connections":[],"jetpack_featured_media_url":"https:\/\/civitas-mexico.com\/wp-content\/uploads\/2024\/11\/img_1280-2.jpg","jetpack-related-posts":[],"jetpack_sharing_enabled":true,"jetpack_likes_enabled":true,"_links":{"self":[{"href":"https:\/\/civitas-mexico.com\/index.php\/wp-json\/wp\/v2\/posts\/2028","targetHints":{"allow":["GET"]}}],"collection":[{"href":"https:\/\/civitas-mexico.com\/index.php\/wp-json\/wp\/v2\/posts"}],"about":[{"href":"https:\/\/civitas-mexico.com\/index.php\/wp-json\/wp\/v2\/types\/post"}],"author":[{"embeddable":true,"href":"https:\/\/civitas-mexico.com\/index.php\/wp-json\/wp\/v2\/users\/1"}],"replies":[{"embeddable":true,"href":"https:\/\/civitas-mexico.com\/index.php\/wp-json\/wp\/v2\/comments?post=2028"}],"version-history":[{"count":1,"href":"https:\/\/civitas-mexico.com\/index.php\/wp-json\/wp\/v2\/posts\/2028\/revisions"}],"predecessor-version":[{"id":2029,"href":"https:\/\/civitas-mexico.com\/index.php\/wp-json\/wp\/v2\/posts\/2028\/revisions\/2029"}],"wp:featuredmedia":[{"embeddable":true,"href":"https:\/\/civitas-mexico.com\/index.php\/wp-json\/wp\/v2\/media\/2030"}],"wp:attachment":[{"href":"https:\/\/civitas-mexico.com\/index.php\/wp-json\/wp\/v2\/media?parent=2028"}],"wp:term":[{"taxonomy":"category","embeddable":true,"href":"https:\/\/civitas-mexico.com\/index.php\/wp-json\/wp\/v2\/categories?post=2028"},{"taxonomy":"post_tag","embeddable":true,"href":"https:\/\/civitas-mexico.com\/index.php\/wp-json\/wp\/v2\/tags?post=2028"}],"curies":[{"name":"wp","href":"https:\/\/api.w.org\/{rel}","templated":true}]}}