{"id":1833,"date":"2024-07-05T15:54:27","date_gmt":"2024-07-05T21:54:27","guid":{"rendered":"https:\/\/civitas-mexico.com\/?p=1833"},"modified":"2024-07-05T15:54:29","modified_gmt":"2024-07-05T21:54:29","slug":"francia-compra-deuda-estadounidense","status":"publish","type":"post","link":"https:\/\/civitas-mexico.com\/index.php\/2024\/07\/05\/francia-compra-deuda-estadounidense\/","title":{"rendered":"Francia compra deuda estadounidense"},"content":{"rendered":"\n<p>Art\u00edculo original : <a href=\"https:\/\/www.medias-presse.info\/la-france-rachete-de-la-dette-americaine\/189783\">https:\/\/www.medias-presse.info\/la-france-rachete-de-la-dette-americaine\/189783<\/a><\/p>\n\n\n\n<p>por <a href=\"https:\/\/www.medias-presse.info\/author\/pad\/\">Pierre-Alain Depauw<\/a> &#8211; 6 de mayo de 2024 &#8211; Traducido por Elisa Hern\u00e1ndez<\/p>\n\n\n\n<figure class=\"wp-block-image size-full\"><img loading=\"lazy\" decoding=\"async\" width=\"614\" height=\"466\" src=\"https:\/\/civitas-mexico.com\/wp-content\/uploads\/2024\/07\/image-4.png\" alt=\"\" class=\"wp-image-1834\" srcset=\"https:\/\/civitas-mexico.com\/wp-content\/uploads\/2024\/07\/image-4.png 614w, https:\/\/civitas-mexico.com\/wp-content\/uploads\/2024\/07\/image-4-300x228.png 300w\" sizes=\"auto, (max-width: 614px) 100vw, 614px\" \/><\/figure>\n\n\n\n<h5 class=\"wp-block-heading\"><strong>El general Delawarde <\/strong><a href=\"https:\/\/stratpol.com\/macron-achete-la-dette-americaine-un-deal-a-210-milliards-de-dollars\/\"><strong>tiene raz\u00f3n al preguntar<\/strong><\/a><strong>&#8230;<\/strong><\/h5>\n\n\n\n<p>Mientras la deuda estadounidense sigue dispar\u00e1ndose y se acerca ya a los 35.000 billones de d\u00f3lares para la deuda federal y a los 100.000 billones de d\u00f3lares para la deuda total, mientras la desdolarizaci\u00f3n del comercio internacional parece cobrar impulso en los pa\u00edses del Sur global (BRICS 10 + aliados\/amigos), ciertos pa\u00edses de la OTAN, a pesar de estar ellos mismos muy endeudados, compran deuda estadounidense para apoyar al d\u00f3lar, que pierde cada d\u00eda un poco de su credibilidad.<\/p>\n\n\n\n<p>En este peque\u00f1o juego, que no est\u00e1 exento de riesgos, Francia ha tomado indiscutiblemente la delantera entre los pa\u00edses de la OTAN durante los \u00faltimos doce meses sobre la base de las cifras conocidas. Francia pose\u00eda 182.300 millones de d\u00f3lares de deuda estadounidense a finales de febrero de 2023, y 284.000 millones de d\u00f3lares a finales de febrero de 2024, lo que supone un aumento de 102.000 millones de d\u00f3lares en un solo a\u00f1o.<\/p>\n\n\n\n<p>Ning\u00fan pa\u00eds del mundo ha hecho mejor que Francia para apoyar al d\u00f3lar y a su aliado estadounidense comprando un activo cada vez m\u00e1s podrido: la deuda estadounidense denominada en d\u00f3lares&#8230; \u00a1a pesar de que la propia Francia est\u00e1 fuertemente endeudada (dilatada) en m\u00e1s de 3 billones de euros! Nunca antes Francia hab\u00eda comprado deuda estadounidense a un ritmo tan r\u00e1pido.<\/p>\n\n\n\n<p>Recordemos, para que conste, que Francia s\u00f3lo pose\u00eda 74.400 millones de d\u00f3lares en deuda estadounidense cuando Emmanuel Macron lleg\u00f3 al poder en mayo de 2017.<\/p>\n\n\n\n<p><br><strong>Preguntas:<br><\/strong><\/p>\n\n\n\n<p>\u00bfQu\u00e9 le ha picado al ejecutivo franc\u00e9s para embarcarse en una estrategia de compras masivas y arriesgadas de un producto tan t\u00f3xico como la deuda estadounidense, en un momento en el que su ministro de Econom\u00eda busca desesperadamente unas decenas de miles de millones de euros para equilibrar su presupuesto de 2024?<br>\u00bfEst\u00e1n nuestros dirigentes y Mozart(s) de las finanzas obligados por acuerdos con financieros estadounidenses que se ocultan a la opini\u00f3n p\u00fablica?<br>Con las elecciones europeas a la vuelta de la esquina, ser\u00eda bueno tener respuestas claras a estas preguntas y conocer las razones de este extra\u00f1o comportamiento de las finanzas francesas&#8230;<strong>\u00a0<\/strong><\/p>\n\n\n\n<h6 class=\"wp-block-heading\">Recordemos qui\u00e9n es el general Dominique Delawarde.<\/h6>\n\n\n\n<p>Tras periodos al mando de unidades militares en la Legi\u00f3n Extranjera (2\u00ba RE y 3\u00ba REI) y de los Cazadores Alpinos (6\u00ba, 7\u00ba y 11\u00ba BCA), luego al mando de cadetes de oficiales, en particular en Saint Cyr, el general (2S) Dominique Delawarde fue jefe de \u00abSituaci\u00f3n-Inteligencia-Guerra Electr\u00f3nica\u00bb en el Estado Mayor Conjunto de Planificaci\u00f3n Operativa.<br>Sirvi\u00f3 durante m\u00e1s de 8 a\u00f1os fuera de Francia: en Estados Unidos, Sudam\u00e9rica y Oriente Pr\u00f3ximo como parte de la ONU, m\u00e1s de un a\u00f1o en los Balcanes como parte de la ONU y la OTAN, y m\u00e1s de seis meses en Oriente Pr\u00f3ximo (Emiratos, Qatar, Kuwait).<\/p>\n","protected":false},"excerpt":{"rendered":"<p>Art\u00edculo original : https:\/\/www.medias-presse.info\/la-france-rachete-de-la-dette-americaine\/189783 por Pierre-Alain Depauw &#8211; 6 de mayo de 2024 &#8211; Traducido por Elisa Hern\u00e1ndez El general Delawarde tiene raz\u00f3n al preguntar&#8230; [&hellip;]<\/p>\n","protected":false},"author":1,"featured_media":1834,"comment_status":"open","ping_status":"open","sticky":false,"template":"","format":"standard","meta":{"footnotes":"","jetpack_publicize_message":"","jetpack_publicize_feature_enabled":true,"jetpack_social_post_already_shared":true,"jetpack_social_options":{"image_generator_settings":{"template":"highway","enabled":false}}},"categories":[85,281,25,13],"tags":[272],"class_list":["post-1833","post","type-post","status-publish","format-standard","has-post-thumbnail","hentry","category-economia","category-estados-unidos","category-francia","category-politica","tag-macron"],"jetpack_publicize_connections":[],"jetpack_featured_media_url":"https:\/\/civitas-mexico.com\/wp-content\/uploads\/2024\/07\/image-4.png","jetpack-related-posts":[],"jetpack_sharing_enabled":true,"jetpack_likes_enabled":true,"_links":{"self":[{"href":"https:\/\/civitas-mexico.com\/index.php\/wp-json\/wp\/v2\/posts\/1833","targetHints":{"allow":["GET"]}}],"collection":[{"href":"https:\/\/civitas-mexico.com\/index.php\/wp-json\/wp\/v2\/posts"}],"about":[{"href":"https:\/\/civitas-mexico.com\/index.php\/wp-json\/wp\/v2\/types\/post"}],"author":[{"embeddable":true,"href":"https:\/\/civitas-mexico.com\/index.php\/wp-json\/wp\/v2\/users\/1"}],"replies":[{"embeddable":true,"href":"https:\/\/civitas-mexico.com\/index.php\/wp-json\/wp\/v2\/comments?post=1833"}],"version-history":[{"count":1,"href":"https:\/\/civitas-mexico.com\/index.php\/wp-json\/wp\/v2\/posts\/1833\/revisions"}],"predecessor-version":[{"id":1835,"href":"https:\/\/civitas-mexico.com\/index.php\/wp-json\/wp\/v2\/posts\/1833\/revisions\/1835"}],"wp:featuredmedia":[{"embeddable":true,"href":"https:\/\/civitas-mexico.com\/index.php\/wp-json\/wp\/v2\/media\/1834"}],"wp:attachment":[{"href":"https:\/\/civitas-mexico.com\/index.php\/wp-json\/wp\/v2\/media?parent=1833"}],"wp:term":[{"taxonomy":"category","embeddable":true,"href":"https:\/\/civitas-mexico.com\/index.php\/wp-json\/wp\/v2\/categories?post=1833"},{"taxonomy":"post_tag","embeddable":true,"href":"https:\/\/civitas-mexico.com\/index.php\/wp-json\/wp\/v2\/tags?post=1833"}],"curies":[{"name":"wp","href":"https:\/\/api.w.org\/{rel}","templated":true}]}}