{"id":1824,"date":"2024-07-05T15:46:49","date_gmt":"2024-07-05T21:46:49","guid":{"rendered":"https:\/\/civitas-mexico.com\/?p=1824"},"modified":"2024-07-05T15:46:51","modified_gmt":"2024-07-05T21:46:51","slug":"dondequiera-que-la-influencia-de-los-gentiles-no-judios-suponga-una-amenaza-para-israel-esta-permitido-matarlos","status":"publish","type":"post","link":"https:\/\/civitas-mexico.com\/index.php\/2024\/07\/05\/dondequiera-que-la-influencia-de-los-gentiles-no-judios-suponga-una-amenaza-para-israel-esta-permitido-matarlos\/","title":{"rendered":"\u00abDondequiera que la influencia de los \u00abgentiles\u00bb (no jud\u00edos) suponga una amenaza para Israel, est\u00e1 permitido matarlos\u00bb"},"content":{"rendered":"\n<p>Art\u00edculos originales : <a href=\"https:\/\/www.medias-presse.info\/partout-ou-linfluence-des-gentils-non-juifs-constitue-une-menace-pour-israel-il-est-permis-de-les-tuer\/16428\">https:\/\/www.medias-presse.info\/partout-ou-linfluence-des-gentils-non-juifs-constitue-une-menace-pour-israel-il-est-permis-de-les-tuer\/16428<\/a><\/p>\n\n\n\n<p><a href=\"https:\/\/www.lapresse.ca\/international\/moyen-orient\/201205\/28\/01-4529342-pas-de-poursuites-contre-les-auteurs-de-la-torah-du-roi.php\">https:\/\/www.lapresse.ca\/international\/moyen-orient\/201205\/28\/01-4529342-pas-de-poursuites-contre-les-auteurs-de-la-torah-du-roi.php<\/a><\/p>\n\n\n\n<p>por <a href=\"https:\/\/www.medias-presse.info\/author\/kersauzie\/\">L\u00e9o Kersauzie<\/a> &#8211; 27 junio 2024 &#8211; Traducido por Elisa Hern\u00e1ndez<\/p>\n\n\n\n<figure class=\"wp-block-image size-full\"><img loading=\"lazy\" decoding=\"async\" width=\"940\" height=\"626\" src=\"https:\/\/civitas-mexico.com\/wp-content\/uploads\/2024\/07\/image-1.png\" alt=\"\" class=\"wp-image-1825\" srcset=\"https:\/\/civitas-mexico.com\/wp-content\/uploads\/2024\/07\/image-1.png 940w, https:\/\/civitas-mexico.com\/wp-content\/uploads\/2024\/07\/image-1-300x200.png 300w, https:\/\/civitas-mexico.com\/wp-content\/uploads\/2024\/07\/image-1-768x511.png 768w\" sizes=\"auto, (max-width: 940px) 100vw, 940px\" \/><\/figure>\n\n\n\n<p>FOTO: RONEN ZVULUN, REUTERS<\/p>\n\n\n\n<p>\u00a1Hablando de racismo! Para guardar en los archivos&#8230;<\/p>\n\n\n\n<h5 class=\"wp-block-heading\">Rabinos racistas<\/h5>\n\n\n\n<p>Los comentarios fueron realizados por rabinos en 2011. Es dif\u00edcil no establecer la conexi\u00f3n con la situaci\u00f3n actual en Gaza.<\/p>\n\n\n\n<p>Video (en franc\u00e9s)<\/p>\n\n\n\n<figure class=\"wp-block-embed is-type-video is-provider-youtube wp-block-embed-youtube wp-embed-aspect-4-3 wp-has-aspect-ratio\"><div class=\"wp-block-embed__wrapper\">\n<iframe loading=\"lazy\" title=\"Il est Permis de Tuer les Goyim (Non-Juifs)\" width=\"500\" height=\"375\" src=\"https:\/\/www.youtube.com\/embed\/jZ1E7uu42AM?feature=oembed\" frameborder=\"0\" allow=\"accelerometer; autoplay; clipboard-write; encrypted-media; gyroscope; picture-in-picture; web-share\" referrerpolicy=\"strict-origin-when-cross-origin\" allowfullscreen><\/iframe>\n<\/div><\/figure>\n\n\n\n<h5 class=\"wp-block-heading\">Ning\u00fan procesamiento para los autores de la \u201c<em>Tor\u00e1 del<\/em> Rey\u201d<\/h5>\n\n\n\n<p>Publicado el 28 de mayo de 2012<br>AGENCE FRANCE-PRESSE<\/p>\n\n\n\n<p><strong>El fiscal general de Israel dijo el lunes en un comunicado que retiraba los cargos contra los autores de un libro que justifica el asesinato de no jud\u00edos bajo ciertas condiciones.<\/strong><\/p>\n\n\n\n<p>\u00abEl fiscal general decidi\u00f3 que no hab\u00eda pruebas suficientes para procesar a los autores (del libro) por racismo e incitaci\u00f3n a la violencia\u00bb, dec\u00eda el comunicado.<\/p>\n\n\n\n<p>Escrito por los rabinos Dov Lior y Yaakov Yossef, este tratado teol\u00f3gico tan controvertido, titulado <em><strong>La Tor\u00e1<\/strong><\/em><strong> del Rey, justifica la ejecuci\u00f3n de no jud\u00edos inocentes, incluidos ni\u00f1os, en caso de guerra<\/strong> \u00abya que de lo contrario crecer\u00edan y nos har\u00edan da\u00f1o\u00bb.<\/p>\n\n\n\n<p>El libro tambi\u00e9n <strong>afirma que los no jud\u00edos \u00abcarecen por naturaleza de compasi\u00f3n\u00bb y que los ataques contra ellos \u00abinfunden sus malas inclinaciones\u00bb.<\/strong><\/p>\n\n\n\n<p>\u00ab<strong>Cuando los gentiles amenazan la existencia de Israel, est\u00e1 permitido matarlos<\/strong>\u00ab, dice el libro, que ha sido juzgado contrario a la ense\u00f1anza jud\u00eda y severamente criticado por las autoridades rab\u00ednicas.<\/p>\n\n\n\n<p>Se ha prohibido la distribuci\u00f3n de <em>La Tor\u00e1 del<\/em> Rey en Israel y sus dos autores han sido interrogados por la polic\u00eda.<\/p>\n\n\n\n<p>Su detenci\u00f3n el a\u00f1o pasado desencaden\u00f3 violentas protestas de sus partidarios ultranacionalistas, que abogaban por la libertad de expresi\u00f3n y subrayaban que sus l\u00edderes espirituales estaban por encima de la ley.<\/p>\n","protected":false},"excerpt":{"rendered":"<p>Art\u00edculos originales : https:\/\/www.medias-presse.info\/partout-ou-linfluence-des-gentils-non-juifs-constitue-une-menace-pour-israel-il-est-permis-de-les-tuer\/16428 https:\/\/www.lapresse.ca\/international\/moyen-orient\/201205\/28\/01-4529342-pas-de-poursuites-contre-les-auteurs-de-la-torah-du-roi.php por L\u00e9o Kersauzie &#8211; 27 junio 2024 &#8211; Traducido por Elisa Hern\u00e1ndez FOTO: RONEN ZVULUN, REUTERS \u00a1Hablando de racismo! Para [&hellip;]<\/p>\n","protected":false},"author":1,"featured_media":1825,"comment_status":"open","ping_status":"open","sticky":false,"template":"","format":"standard","meta":{"footnotes":"","jetpack_publicize_message":"","jetpack_publicize_feature_enabled":true,"jetpack_social_post_already_shared":true,"jetpack_social_options":{"image_generator_settings":{"template":"highway","enabled":false}}},"categories":[30,124],"tags":[264],"class_list":["post-1824","post","type-post","status-publish","format-standard","has-post-thumbnail","hentry","category-guerra","category-israel","tag-judaismo"],"jetpack_publicize_connections":[],"jetpack_featured_media_url":"https:\/\/civitas-mexico.com\/wp-content\/uploads\/2024\/07\/image-1.png","jetpack-related-posts":[],"jetpack_sharing_enabled":true,"jetpack_likes_enabled":true,"_links":{"self":[{"href":"https:\/\/civitas-mexico.com\/index.php\/wp-json\/wp\/v2\/posts\/1824","targetHints":{"allow":["GET"]}}],"collection":[{"href":"https:\/\/civitas-mexico.com\/index.php\/wp-json\/wp\/v2\/posts"}],"about":[{"href":"https:\/\/civitas-mexico.com\/index.php\/wp-json\/wp\/v2\/types\/post"}],"author":[{"embeddable":true,"href":"https:\/\/civitas-mexico.com\/index.php\/wp-json\/wp\/v2\/users\/1"}],"replies":[{"embeddable":true,"href":"https:\/\/civitas-mexico.com\/index.php\/wp-json\/wp\/v2\/comments?post=1824"}],"version-history":[{"count":1,"href":"https:\/\/civitas-mexico.com\/index.php\/wp-json\/wp\/v2\/posts\/1824\/revisions"}],"predecessor-version":[{"id":1826,"href":"https:\/\/civitas-mexico.com\/index.php\/wp-json\/wp\/v2\/posts\/1824\/revisions\/1826"}],"wp:featuredmedia":[{"embeddable":true,"href":"https:\/\/civitas-mexico.com\/index.php\/wp-json\/wp\/v2\/media\/1825"}],"wp:attachment":[{"href":"https:\/\/civitas-mexico.com\/index.php\/wp-json\/wp\/v2\/media?parent=1824"}],"wp:term":[{"taxonomy":"category","embeddable":true,"href":"https:\/\/civitas-mexico.com\/index.php\/wp-json\/wp\/v2\/categories?post=1824"},{"taxonomy":"post_tag","embeddable":true,"href":"https:\/\/civitas-mexico.com\/index.php\/wp-json\/wp\/v2\/tags?post=1824"}],"curies":[{"name":"wp","href":"https:\/\/api.w.org\/{rel}","templated":true}]}}