{"id":1618,"date":"2024-04-26T23:51:53","date_gmt":"2024-04-27T05:51:53","guid":{"rendered":"https:\/\/civitas-mexico.com\/?p=1618"},"modified":"2024-04-26T23:51:55","modified_gmt":"2024-04-27T05:51:55","slug":"record-de-diputados-catolicos-en-corea-del-sur","status":"publish","type":"post","link":"https:\/\/civitas-mexico.com\/index.php\/2024\/04\/26\/record-de-diputados-catolicos-en-corea-del-sur\/","title":{"rendered":"R\u00e9cord de diputados cat\u00f3licos en Corea del Sur"},"content":{"rendered":"\n<p>Articulo original : <a href=\"https:\/\/lecatho.fr\/actualite\/record-de-deputes-catholiques-en-coree-du-sud\">https:\/\/lecatho.fr\/actualite\/record-de-deputes-catholiques-en-coree-du-sud<\/a><\/p>\n\n\n\n<p>POR NAPO &#8211; 25 ABRIL 2024 &#8211; En LECATHO.FR<\/p>\n\n\n\n<figure class=\"wp-block-image size-full\"><img loading=\"lazy\" decoding=\"async\" width=\"759\" height=\"426\" src=\"https:\/\/civitas-mexico.com\/wp-content\/uploads\/2024\/04\/image-123.png\" alt=\"\" class=\"wp-image-1619\" srcset=\"https:\/\/civitas-mexico.com\/wp-content\/uploads\/2024\/04\/image-123.png 759w, https:\/\/civitas-mexico.com\/wp-content\/uploads\/2024\/04\/image-123-300x168.png 300w\" sizes=\"auto, (max-width: 759px) 100vw, 759px\" \/><\/figure>\n\n\n\n<p>Seg\u00fan <a href=\"https:\/\/www.asianews.it\/news-en\/Record-Catholic-deputies-in-Seoul%3A-80-out-of-300-in-the-new-parliament-60601.html\">AsiaNews<\/a>, 80 de los 300 nuevos diputados que tomar\u00e1n posesi\u00f3n el 30 de mayo son cat\u00f3licos. Aunque los cat\u00f3licos s\u00f3lo representan el 11,3% de la poblaci\u00f3n de Corea del Sur, se trata del mayor n\u00famero de diputados cat\u00f3licos que ha habido nunca en el parlamento del pa\u00eds.<\/p>\n\n\n\n<p>La mayor\u00eda de los diputados reci\u00e9n elegidos pertenecen al Partido Democr\u00e1tico. Trece de ellos son conservadores del Partido del Poder Popular (PPP), mientras que los otros once est\u00e1n afiliados al Nuevo Partido Reformista, fundado en 2024 por el antiguo l\u00edder del PPP, Lee Jun-Seok. Seg\u00fan AsianNews, la Conferencia Episcopal de Corea envi\u00f3 43 preguntas a todos los partidos pol\u00edticos antes de las elecciones parlamentarias del 10 de abril, pidi\u00e9ndoles su opini\u00f3n sobre los principales temas de la agenda pol\u00edtica nacional.<\/p>\n\n\n\n<p>Al publicar las respuestas recibidas el 28 de marzo, los obispos recordaron que \u00abla Iglesia cat\u00f3lica ha ense\u00f1ado constantemente que los laicos nunca deben negarse a implicarse en pol\u00edtica, sino que est\u00e1n invitados a promover el bien com\u00fan de forma organizada e institucional en muchos \u00e1mbitos\u00bb: econ\u00f3mico, social, legislativo, administrativo, cultural, entre otros.<\/p>\n\n\n\n<p>La reciente conmemoraci\u00f3n de las v\u00edctimas de la tragedia del ferry Sewol en 2014, que se sald\u00f3 con la p\u00e9rdida de m\u00e1s de 300 vidas, brind\u00f3 a los obispos surcoreanos la oportunidad de instar al gobierno a hacer de la vida y la seguridad de los ciudadanos una \u00abprioridad absoluta\u00bb para evitar cat\u00e1strofes similares en el futuro.<\/p>\n\n\n\n<p>\u00abEste recuerdo no puede ni debe terminar hasta que se implemente una reforma fundamental\u00bb, afirmaron en una declaraci\u00f3n conjunta en una misa conmemorativa celebrada en la catedral de Sanjeong-dong, en la archidi\u00f3cesis de Gwangju, el 15 de abril 2024.<\/p>\n\n\n\n<p>Denominada en ocasiones \u00abel tigre asi\u00e1tico de la Iglesia\u00bb, la Iglesia cat\u00f3lica de Corea est\u00e1 experimentando actualmente un renacimiento. Seg\u00fan el Instituto de Pastoral Cat\u00f3lica de Corea, el n\u00famero de fieles cat\u00f3licos ha aumentado un 48,6% en los \u00faltimos diez a\u00f1os, pasando de 3,9 millones en 1999 a 5,8 millones en 2018.<\/p>\n\n\n\n<p>El pasado noviembre, con motivo del 60\u00ba aniversario de las relaciones diplom\u00e1ticas entre el Vaticano y Corea del Sur, el arzobispo Paul Richard Gallagher, secretario para las Relaciones con los Estados, visit\u00f3 el pa\u00eds, poniendo de relieve la nueva din\u00e1mica imperante.<\/p>\n\n\n\n<p>Seg\u00fan los datos del estudio de G&amp;Com Research sobre la confianza social en la Iglesia coreana, publicado el 16 de febrero de 2023, la Iglesia cat\u00f3lica de Corea del Sur goza del mayor nivel de confianza p\u00fablica, con un 21,4%, lo que representa m\u00e1s de uno de cada cinco coreanos.<\/p>\n\n\n\n<figure class=\"wp-block-image size-full is-resized\"><img loading=\"lazy\" decoding=\"async\" width=\"652\" height=\"437\" src=\"https:\/\/civitas-mexico.com\/wp-content\/uploads\/2024\/04\/image-124.png\" alt=\"\" class=\"wp-image-1620\" style=\"width:779px;height:auto\" srcset=\"https:\/\/civitas-mexico.com\/wp-content\/uploads\/2024\/04\/image-124.png 652w, https:\/\/civitas-mexico.com\/wp-content\/uploads\/2024\/04\/image-124-300x201.png 300w\" sizes=\"auto, (max-width: 652px) 100vw, 652px\" \/><\/figure>\n\n\n\n<figure class=\"wp-block-image size-full\"><img loading=\"lazy\" decoding=\"async\" width=\"776\" height=\"516\" src=\"https:\/\/civitas-mexico.com\/wp-content\/uploads\/2024\/04\/image-125.png\" alt=\"\" class=\"wp-image-1621\" srcset=\"https:\/\/civitas-mexico.com\/wp-content\/uploads\/2024\/04\/image-125.png 776w, https:\/\/civitas-mexico.com\/wp-content\/uploads\/2024\/04\/image-125-300x199.png 300w, https:\/\/civitas-mexico.com\/wp-content\/uploads\/2024\/04\/image-125-768x511.png 768w\" sizes=\"auto, (max-width: 776px) 100vw, 776px\" \/><\/figure>\n\n\n\n<p>Foto de una Misa Tradicional en lat\u00edn, en Corea<\/p>\n\n\n\n<p>Fuente: <a href=\"http:\/\/www.newliturgicalmovement.org\">www.newliturgicalmovement.org<\/a> TLM in Korea<\/p>\n\n\n\n<figure class=\"wp-block-image size-full is-resized\"><img loading=\"lazy\" decoding=\"async\" width=\"651\" height=\"921\" src=\"https:\/\/civitas-mexico.com\/wp-content\/uploads\/2024\/04\/image-126.png\" alt=\"\" class=\"wp-image-1622\" style=\"width:776px;height:auto\" srcset=\"https:\/\/civitas-mexico.com\/wp-content\/uploads\/2024\/04\/image-126.png 651w, https:\/\/civitas-mexico.com\/wp-content\/uploads\/2024\/04\/image-126-212x300.png 212w\" sizes=\"auto, (max-width: 651px) 100vw, 651px\" \/><\/figure>\n\n\n\n<p>Foto de una Misa Tradicional en lat\u00edn, en Corea<\/p>\n\n\n\n<p>Fuente: <a href=\"http:\/\/www.newliturgicalmovement.org\">www.newliturgicalmovement.org<\/a> TLM in Korea<\/p>\n","protected":false},"excerpt":{"rendered":"<p>Articulo original : https:\/\/lecatho.fr\/actualite\/record-de-deputes-catholiques-en-coree-du-sud POR NAPO &#8211; 25 ABRIL 2024 &#8211; En LECATHO.FR Seg\u00fan AsiaNews, 80 de los 300 nuevos diputados que tomar\u00e1n posesi\u00f3n el [&hellip;]<\/p>\n","protected":false},"author":1,"featured_media":1619,"comment_status":"open","ping_status":"open","sticky":false,"template":"","format":"standard","meta":{"footnotes":"","jetpack_publicize_message":"","jetpack_publicize_feature_enabled":true,"jetpack_social_post_already_shared":true,"jetpack_social_options":{"image_generator_settings":{"template":"highway","enabled":false}}},"categories":[628,13,12],"tags":[627,595],"class_list":["post-1618","post","type-post","status-publish","format-standard","has-post-thumbnail","hentry","category-asia","category-politica","category-sociedad","tag-corea-del-sur","tag-diputados"],"jetpack_publicize_connections":[],"jetpack_featured_media_url":"https:\/\/civitas-mexico.com\/wp-content\/uploads\/2024\/04\/image-123.png","jetpack-related-posts":[],"jetpack_sharing_enabled":true,"jetpack_likes_enabled":true,"_links":{"self":[{"href":"https:\/\/civitas-mexico.com\/index.php\/wp-json\/wp\/v2\/posts\/1618","targetHints":{"allow":["GET"]}}],"collection":[{"href":"https:\/\/civitas-mexico.com\/index.php\/wp-json\/wp\/v2\/posts"}],"about":[{"href":"https:\/\/civitas-mexico.com\/index.php\/wp-json\/wp\/v2\/types\/post"}],"author":[{"embeddable":true,"href":"https:\/\/civitas-mexico.com\/index.php\/wp-json\/wp\/v2\/users\/1"}],"replies":[{"embeddable":true,"href":"https:\/\/civitas-mexico.com\/index.php\/wp-json\/wp\/v2\/comments?post=1618"}],"version-history":[{"count":1,"href":"https:\/\/civitas-mexico.com\/index.php\/wp-json\/wp\/v2\/posts\/1618\/revisions"}],"predecessor-version":[{"id":1623,"href":"https:\/\/civitas-mexico.com\/index.php\/wp-json\/wp\/v2\/posts\/1618\/revisions\/1623"}],"wp:featuredmedia":[{"embeddable":true,"href":"https:\/\/civitas-mexico.com\/index.php\/wp-json\/wp\/v2\/media\/1619"}],"wp:attachment":[{"href":"https:\/\/civitas-mexico.com\/index.php\/wp-json\/wp\/v2\/media?parent=1618"}],"wp:term":[{"taxonomy":"category","embeddable":true,"href":"https:\/\/civitas-mexico.com\/index.php\/wp-json\/wp\/v2\/categories?post=1618"},{"taxonomy":"post_tag","embeddable":true,"href":"https:\/\/civitas-mexico.com\/index.php\/wp-json\/wp\/v2\/tags?post=1618"}],"curies":[{"name":"wp","href":"https:\/\/api.w.org\/{rel}","templated":true}]}}