{"id":1577,"date":"2024-04-24T16:14:42","date_gmt":"2024-04-24T22:14:42","guid":{"rendered":"https:\/\/civitas-mexico.com\/?p=1577"},"modified":"2024-04-24T16:14:43","modified_gmt":"2024-04-24T22:14:43","slug":"el-espejo-de-los-caballeros-beato-nuno-alvares-pereira-1360-1431-por-hector-de-maris","status":"publish","type":"post","link":"https:\/\/civitas-mexico.com\/index.php\/2024\/04\/24\/el-espejo-de-los-caballeros-beato-nuno-alvares-pereira-1360-1431-por-hector-de-maris\/","title":{"rendered":"El espejo de los caballeros &#8211; Beato Nuno Alvares Pereira (1360-1431), por Hector de Maris"},"content":{"rendered":"\n<p>Art\u00edculo original : <a href=\"https:\/\/www.medias-presse.info\/le-miroir-des-chevaliers-bienheureux-nuno-alvares-pereira-1360-1431-par-hector-de-maris\/189070\">https:\/\/www.medias-presse.info\/le-miroir-des-chevaliers-bienheureux-nuno-alvares-pereira-1360-1431-par-hector-de-maris\/189070<\/a><\/p>\n\n\n\n<p>por <a href=\"https:\/\/www.medias-presse.info\/author\/fabien\/\">Fabien Laurent<\/a> &#8211; 20 de abril de 2024 &#8211; Traducido por Elisa Hern\u00e1ndez<\/p>\n\n\n\n<figure class=\"wp-block-image size-full\"><img loading=\"lazy\" decoding=\"async\" width=\"810\" height=\"540\" src=\"https:\/\/civitas-mexico.com\/wp-content\/uploads\/2024\/04\/image-99.png\" alt=\"\" class=\"wp-image-1578\" srcset=\"https:\/\/civitas-mexico.com\/wp-content\/uploads\/2024\/04\/image-99.png 810w, https:\/\/civitas-mexico.com\/wp-content\/uploads\/2024\/04\/image-99-300x200.png 300w, https:\/\/civitas-mexico.com\/wp-content\/uploads\/2024\/04\/image-99-768x512.png 768w\" sizes=\"auto, (max-width: 810px) 100vw, 810px\" \/><\/figure>\n\n\n\n<h5 class=\"wp-block-heading\">\u00abNo lo s\u00e9&#8230;\u00bb es la respuesta invariable cuando mencionamos la memoria de un tal Nuno Alvares Pereira. Y, sin embargo, fue el mayor h\u00e9roe portugu\u00e9s del siglo XIV, al igual que el presidente Salazar lo ser\u00eda del siglo XX.<\/h5>\n\n\n\n<p>Pero es cierto que la fama de los h\u00e9roes nacionales suele medirse por el tama\u00f1o del territorio nacional, y Portugal es un pa\u00eds de s\u00f3lo 92.000 km\u00b2. Ser\u00eda un error sonre\u00edr: este peque\u00f1o pa\u00eds es una gran naci\u00f3n, una gran naci\u00f3n de grandes navegantes y marinos como Vasco da Gama, el primer europeo que descubri\u00f3 la ruta mar\u00edtima a las Indias, una gran naci\u00f3n que arranc\u00f3 la independencia a Espa\u00f1a a punta de espada, una gran naci\u00f3n cat\u00f3lica que se enorgullece de tener ahora en sus altares tanto a un gran caballero como a un gran santo: El beato Nuno Alvares Pereira, que pas\u00f3 de ser un prestigioso condestable, nunca derrotado en el campo de batalla, a pedir la muerte como un simple Hermano <em>donato<\/em> (\u00abmenos que un <a href=\"https:\/\/ec.aciprensa.com\/wiki\/Hermanos_Legos\">Hermano <em>lego<\/em><\/a>, el \u00faltimo y servidor de todos\u00bb Camille Evance) en el convento carmelita de Lisboa.<\/p>\n\n\n\n<p>Era hijo del prior hospitalario de Crato, el caballero don \u00c1lvaro Gon\u00e7alves Pereira, y de do\u00f1a Iria Do Carvahal, que naci\u00f3 en el castillo familiar de Cernache de Bonjardim el 24 de junio de 1360, fiesta de San Juan Bautista, tradicional en la Orden de Caballer\u00eda, que es tambi\u00e9n la fiesta de la Orden de los Caballeros de Nuestra Se\u00f1ora.<\/p>\n\n\n\n<p>A fuerza de victorias militares, sin una sola derrota (\u00a1!) contra los castellanos, num\u00e9ricamente superiores, el rey Juan I le nombr\u00f3 condestable de Portugal. Para sorpresa de todos los portugueses, el 17 de agosto de 1421 se retir\u00f3 al convento carmelita de Lisboa y tom\u00f3 el nombre religioso de Hermano Nuno de Santa Mar\u00eda. Fue su excelente amigo el rey Juan quien, desconsolado, le cerr\u00f3 los ojos el 1 de noviembre de 1431 en su pobre celda de donato carmelita. El pueblo le vener\u00f3 inmediatamente como a un santo. Realiz\u00f3 muchos milagros despu\u00e9s de su muerte, incluidas resurrecciones. El Papa Benedicto XV promulg\u00f3 el decreto<\/p>\n\n\n\n<p>\u00abClementissimus Deus\u00bb, el Papa Benedicto XV <a href=\"https:\/\/santosocd.blogspot.com\/2009\/04\/canonizacion-beato-nuno-alvares-pereira.html\">proclam\u00f3 beato a Nuno Alvares Pereira<\/a> el 23 de enero de 1918. Su fiesta se celebra el 6 de noviembre.<\/p>\n\n\n\n<p>La luminosa figura del beato Nuno Alavares es un rayo de esperanza para nosotros los franceses y en general para todos nuestros hermanos cat\u00f3licos amenazados por este contagio social de cato-fobia ambiental, que emana desde las asociaciones de izquierda hasta los partidos pol\u00edticos de todo signo, curiosamente unidos cuando se trata, por ejemplo, de discriminar a un simple militante cat\u00f3lico, que reza su rosario en p\u00fablico. He aqu\u00ed un extracto de su arenga a sus caballeros y soldados, justo antes de su victoria en Atoleiros, en Portugal, el 6 de abril de 1384 (hace 640 a\u00f1os este a\u00f1o) contra unos castellanos que le superaban en n\u00famero al menos 3 a 1:<\/p>\n\n\n\n<p>\u00abAmigos m\u00edos, me dec\u00eds que los castellanos son numerosos, que hay grandes se\u00f1ores entre ellos. Y yo os digo que cuanto m\u00e1s numerosos y dignos sean los castellanos, mayor ser\u00e1 vuestro honor (&#8230;) Si quer\u00e9is ser mis compa\u00f1eros de armas, os prometo que ser\u00e9 el primero en enfrentarme al enemigo. Si alguno de vosotros tiene miedo, que se marche ahora. Con los pocos valientes que queden, venceremos. La victoria pertenece enteramente a Dios y no a los hombres. Como tengo una firme esperanza en Dios, \u00a1estoy seguro de que un peque\u00f1o n\u00famero de nosotros vencer\u00e1 a un gran n\u00famero de enemigos!<\/p>\n\n\n\n<p>Ser\u00eda demasiado largo detallar aqu\u00ed su vida religiosa, pero toda esa intensa vida est\u00e1 en estas sencillas palabras. Cuando le preguntaron c\u00f3mo consegu\u00eda salir siempre victorioso, respondi\u00f3:<\/p>\n\n\n\n<p>\u00ab\u00bfQuieres derrotarme? Impedidme comulgar. \u00bfSomos pocos y nuestros enemigos tres veces m\u00e1s numerosos? No importa. Intensifiquemos nuestra vida de oraci\u00f3n y de sacramentos. \u00a1Luchemos por Cristo Rey y su Sant\u00edsima Madre! Luchemos\u00bb, nos dir\u00eda Nuno Alvares: \u00ab\u00a1teniendo en Dios una firme Esperanza, estamos seguros de que un peque\u00f1o n\u00famero de los nuestros vencer\u00e1 a un gran n\u00famero de enemigos!<\/p>\n\n\n\n<p>Gracias por escuchar esta vida ejemplar de caballer\u00eda, extra\u00edda del libro \u201cFl\u00e8che du Tr\u00e8s-Haut\u201d (\u201cFlecha del Alt\u00edsimo\u201d) de <strong>Camille Evance<\/strong> (con prefacio del <strong>abate Bertrand Labouche<\/strong>, FSSPX) publicado por C\u00e9cil Paschale, <a href=\"https:\/\/www.chire.fr\/fleche-du-treshaut-p-231436\">actualmente disponible en franc\u00e9s en DPF (chire.fr)<\/a>.<\/p>\n\n\n\n<p>Esta vida le har\u00e1 derramar al menos una l\u00e1grima de admiraci\u00f3n.<\/p>\n\n\n\n<p>Beato Nuno Alvares, \u00a1ruegue por Francia!<\/p>\n\n\n\n<hr class=\"wp-block-separator has-alpha-channel-opacity\"\/>\n\n\n\n<figure class=\"wp-block-image size-full\"><img loading=\"lazy\" decoding=\"async\" width=\"940\" height=\"529\" src=\"https:\/\/civitas-mexico.com\/wp-content\/uploads\/2024\/04\/image-100.png\" alt=\"\" class=\"wp-image-1579\" srcset=\"https:\/\/civitas-mexico.com\/wp-content\/uploads\/2024\/04\/image-100.png 940w, https:\/\/civitas-mexico.com\/wp-content\/uploads\/2024\/04\/image-100-300x169.png 300w, https:\/\/civitas-mexico.com\/wp-content\/uploads\/2024\/04\/image-100-768x432.png 768w\" sizes=\"auto, (max-width: 940px) 100vw, 940px\" \/><\/figure>\n\n\n\n<p><em>Con una firme esperanza en Dios, pocos de nosotros venceremos a un gran n\u00famero de enemigos.<\/em><\/p>\n\n\n\n<hr class=\"wp-block-separator has-alpha-channel-opacity\"\/>\n\n\n\n<h5 class=\"wp-block-heading\"><strong><u>Oraci\u00f3n al Beato Nuno Alvarez :<\/u><\/strong><\/h5>\n\n\n\n<p>\u00abOh Se\u00f1or Jesucristo,<\/p>\n\n\n\n<p>T\u00fa mostraste a San Nuno de Santa Mar\u00eda el valor supremo de tu Reino.<\/p>\n\n\n\n<p>Para vencer, utiliz\u00f3 las armas de la fe, el amor a Cristo y a la Iglesia, la Palabra de Dios, la Eucarist\u00eda, la oraci\u00f3n, la confianza en Mar\u00eda, la caridad, el ayuno, la castidad, la fortaleza, el servicio, la rectitud y la justicia. Para servirte mejor a ti, \u00fanico Se\u00f1or, y a la Sant\u00edsima Virgen Mar\u00eda del Carmelo, a la que se consagr\u00f3 en la vida religiosa carmelita, se despoj\u00f3 de todo.<\/p>\n\n\n\n<p>Conc\u00e9denos, por su intercesi\u00f3n, la gracia&#8230;<em>(n\u00f3mbralo<\/em>), para que, sin obst\u00e1culos de alma y cuerpo, vivamos siempre a tu servicio y que, combatiendo el buen combate de la Fe, merezcamos participar en el Banquete del Reino de los Cielos. Por Cristo nuestro Se\u00f1or. Amen\u00bb.<\/p>\n\n\n\n<p>Cadena de los Caballeros de Nuestra Se\u00f1ora (en franc\u00e9s): <a href=\"https:\/\/odysee.com\/@lanouvellechevalerie:c\">https:\/\/odysee.com\/@lanouvellechevalerie:c<\/a><\/p>\n\n\n\n<hr class=\"wp-block-separator has-alpha-channel-opacity\"\/>\n\n\n\n<p><strong>Video <\/strong><a href=\"https:\/\/www.youtube.com\/watch?v=5Y-AWWA8N5A\"><strong>San Nu\u00f1o \u00c1lvarez Pereira<\/strong><\/a><strong>. El Santo guerrero. (En espa\u00f1ol)<\/strong><\/p>\n\n\n\n<p>Libro en espa\u00f1ol: <a href=\"https:\/\/www.fnac.es\/mp8383205\/Nuno-Alvares-Pereira-Capa-Nova\">https:\/\/www.fnac.es\/mp8383205\/Nuno-Alvares-Pereira-Capa-Nova<\/a><\/p>\n\n\n\n<p>Articulo <a href=\"https:\/\/www.tesorosdelafe.com\/articulo-1759-san-nuno-de-santa-maria\"><strong>Vidas de Santos: San Nuno de Santa Mar\u00eda<\/strong><\/a><\/p>\n\n\n\n<p><a href=\"https:\/\/santosocd.blogspot.com\/2009\/04\/canonizacion-beato-nuno-alvares-pereira.html\">Canonizaci\u00f3n del Beato Nu\u00f1o Alvares Pereira en la Bas\u00edlica de San Pedro, Vaticano, 26 abril 2009<\/a><\/p>\n","protected":false},"excerpt":{"rendered":"<p>Art\u00edculo original : https:\/\/www.medias-presse.info\/le-miroir-des-chevaliers-bienheureux-nuno-alvares-pereira-1360-1431-par-hector-de-maris\/189070 por Fabien Laurent &#8211; 20 de abril de 2024 &#8211; Traducido por Elisa Hern\u00e1ndez \u00abNo lo s\u00e9&#8230;\u00bb es la respuesta invariable [&hellip;]<\/p>\n","protected":false},"author":1,"featured_media":1578,"comment_status":"open","ping_status":"open","sticky":false,"template":"","format":"standard","meta":{"footnotes":"","jetpack_publicize_message":"","jetpack_publicize_feature_enabled":true,"jetpack_social_post_already_shared":true,"jetpack_social_options":{"image_generator_settings":{"template":"highway","enabled":false}}},"categories":[11,138],"tags":[422,128,229,618,304],"class_list":["post-1577","post","type-post","status-publish","format-standard","has-post-thumbnail","hentry","category-educacion","category-europa","tag-cultura","tag-historia","tag-libros","tag-nuno","tag-portugal"],"jetpack_publicize_connections":[],"jetpack_featured_media_url":"https:\/\/civitas-mexico.com\/wp-content\/uploads\/2024\/04\/image-99.png","jetpack-related-posts":[],"jetpack_sharing_enabled":true,"jetpack_likes_enabled":true,"_links":{"self":[{"href":"https:\/\/civitas-mexico.com\/index.php\/wp-json\/wp\/v2\/posts\/1577","targetHints":{"allow":["GET"]}}],"collection":[{"href":"https:\/\/civitas-mexico.com\/index.php\/wp-json\/wp\/v2\/posts"}],"about":[{"href":"https:\/\/civitas-mexico.com\/index.php\/wp-json\/wp\/v2\/types\/post"}],"author":[{"embeddable":true,"href":"https:\/\/civitas-mexico.com\/index.php\/wp-json\/wp\/v2\/users\/1"}],"replies":[{"embeddable":true,"href":"https:\/\/civitas-mexico.com\/index.php\/wp-json\/wp\/v2\/comments?post=1577"}],"version-history":[{"count":1,"href":"https:\/\/civitas-mexico.com\/index.php\/wp-json\/wp\/v2\/posts\/1577\/revisions"}],"predecessor-version":[{"id":1580,"href":"https:\/\/civitas-mexico.com\/index.php\/wp-json\/wp\/v2\/posts\/1577\/revisions\/1580"}],"wp:featuredmedia":[{"embeddable":true,"href":"https:\/\/civitas-mexico.com\/index.php\/wp-json\/wp\/v2\/media\/1578"}],"wp:attachment":[{"href":"https:\/\/civitas-mexico.com\/index.php\/wp-json\/wp\/v2\/media?parent=1577"}],"wp:term":[{"taxonomy":"category","embeddable":true,"href":"https:\/\/civitas-mexico.com\/index.php\/wp-json\/wp\/v2\/categories?post=1577"},{"taxonomy":"post_tag","embeddable":true,"href":"https:\/\/civitas-mexico.com\/index.php\/wp-json\/wp\/v2\/tags?post=1577"}],"curies":[{"name":"wp","href":"https:\/\/api.w.org\/{rel}","templated":true}]}}