{"id":1119,"date":"2024-03-02T13:50:04","date_gmt":"2024-03-02T19:50:04","guid":{"rendered":"https:\/\/civitas-mexico.com\/?p=1119"},"modified":"2024-03-02T13:50:06","modified_gmt":"2024-03-02T19:50:06","slug":"diputados-liberales-y-neodemocratas-bloquean-la-mocion-que-condena-el-incendio-provocado-en-la-iglesia-catolica-de-regina","status":"publish","type":"post","link":"https:\/\/civitas-mexico.com\/index.php\/2024\/03\/02\/diputados-liberales-y-neodemocratas-bloquean-la-mocion-que-condena-el-incendio-provocado-en-la-iglesia-catolica-de-regina\/","title":{"rendered":"Diputados liberales y neodem\u00f3cratas bloquean la moci\u00f3n que condena el incendio provocado en la iglesia cat\u00f3lica de Regina"},"content":{"rendered":"\n<p>Articulo original : <a href=\"https:\/\/www.cqv.qc.ca\/des_deputes_liberaux_et_neo_democrates_bloquent_la_motion_visant_condamner_l_incendie_criminel_de_l_eglise_catholique_de_regina\">https:\/\/www.cqv.qc.ca\/des_deputes_liberaux_et_neo_democrates_bloquent_la_motion_visant_condamner_l_incendie_criminel_de_l_eglise_catholique_de_regina<\/a><\/p>\n\n\n\n<p>Publicado por Augustin Hamilton el 20\/02\/2024 &#8211; Traducido por Elisa Hern\u00e1ndez <\/p>\n\n\n\n<figure class=\"wp-block-image size-full\"><img loading=\"lazy\" decoding=\"async\" width=\"940\" height=\"584\" src=\"https:\/\/civitas-mexico.com\/wp-content\/uploads\/2024\/03\/image.png\" alt=\"\" class=\"wp-image-1120\" srcset=\"https:\/\/civitas-mexico.com\/wp-content\/uploads\/2024\/03\/image.png 940w, https:\/\/civitas-mexico.com\/wp-content\/uploads\/2024\/03\/image-300x186.png 300w, https:\/\/civitas-mexico.com\/wp-content\/uploads\/2024\/03\/image-768x477.png 768w\" sizes=\"auto, (max-width: 940px) 100vw, 940px\" \/><\/figure>\n\n\n\n<p><em>El diputado conservador Corey Tochor.<\/em><\/p>\n\n\n\n<p><em>Por Clare Marie Merkowsky &#8211; Foto: C\u00e1mara de los Comunes<\/em><\/p>\n\n\n\n<p>14 de febrero de 2024, Ottawa, Ontario (<a href=\"https:\/\/www.lifesitenews.com\/es\/?utm_source=editions_menu&amp;utm_campaign=usa\">LifeSiteNews<\/a>) &#8211; Una moci\u00f3n conservadora para condenar el reciente ataque a una iglesia cat\u00f3lica de Regina ha sido rechazada por los liberales y los miembros del Nuevo Partido Democr\u00e1tico (NDP).<\/p>\n\n\n\n<p>Durante un debate en la C\u00e1mara de los Comunes el 12 de febrero, los diputados liberales y neodem\u00f3cratas <a href=\"https:\/\/www.noscommunes.ca\/documentviewer\/fr\/44-1\/chambre\/seance-280\/debats\">rechazaron r\u00e1pidamente<\/a> la moci\u00f3n del diputado conservador Corey Tochor para condenar el intento de incendio provocado la semana pasada en una iglesia de Regina.<\/p>\n\n\n\n<p>\u00abSr. presidente, el pasado fin de semana hubo otro intento de incendio provocado en una iglesia, y si busca el consentimiento un\u00e1nime, lo obtendr\u00e1\u00bb, empez\u00f3 diciendo Tochor, antes de ser rechazado por los diputados liberales y del NDP.<\/p>\n\n\n\n<p>La moci\u00f3n del Sr. Tochor sigue a la publicaci\u00f3n de <a href=\"https:\/\/www.lifesitenews.com\/news\/watch-arsonist-sets-fire-to-historic-catholic-church-in-saskatchewan\/\">un v\u00eddeo de vigilancia<\/a> del 9 de febrero en el que se ve a un hombre prendiendo fuego a una hist\u00f3rica iglesia cat\u00f3lica de Regina, Saskatchewan, en el \u00faltimo ataque contra iglesias en Canad\u00e1.<\/p>\n\n\n\n<p>La Parroquia del Sant\u00edsimo Sacramento public\u00f3 im\u00e1genes del ataque en las redes sociales y pidi\u00f3 a quien supiera algo que se pusiera en contacto con el Servicio de Polic\u00eda de Regina.<\/p>\n\n\n\n<p>En el v\u00eddeo se oye a un hombre con pasamonta\u00f1as insultar mientras vierte lo que parece ser gasolina de un bid\u00f3n en una de las entradas de la centenaria iglesia, antes de utilizar un mechero para prender fuego al l\u00edquido.<\/p>\n\n\n\n<p>Aunque el v\u00eddeo muestra c\u00f3mo las llamas envuelven el espacio, los informes locales indican que los bomberos acudieron r\u00e1pidamente al lugar y consiguieron extinguir las llamas antes de que se produjeran da\u00f1os significativos.<\/p>\n\n\n\n<p>El diputado de Saskatchewan conden\u00f3 a los diputados liberales y neodem\u00f3cratas por sus acciones, escribiendo en X (Twitter): \u00abAyer ped\u00ed el consentimiento un\u00e1nime para condenar el intento de incendio provocado en la iglesia de Regina. Pero no me lo permitieron\u00bb.<\/p>\n\n\n\n<p>\u00abEs vergonzoso que la coalici\u00f3n NDP-Liberal se niegue a condenar estos atroces ataques y nos silencie cuando intentamos plantear la cuesti\u00f3n\u00bb, a\u00f1adi\u00f3.<\/p>\n\n\n\n<p>No es la primera vez que diputados liberales y neodem\u00f3crata se niegan a condenar abiertamente la violencia contra las iglesias.<\/p>\n\n\n\n<p>En octubre, los diputados liberales y neodem\u00f3cratas votaron a favor de aplazar la sesi\u00f3n en lugar de considerar una moci\u00f3n para denunciar los incendios provocados y el vandalismo contra <strong>83 iglesias canadienses<\/strong>, especialmente las de comunidades abor\u00edgenes.<\/p>\n\n\n\n<p>Asimismo, el primer ministro Justin Trudeau a\u00fan no ha condenado abiertamente los incendios provocados, aunque en 2021 declar\u00f3 que era \u00abinaceptable y err\u00f3neo\u00bb que se quemaran iglesias, aunque a\u00f1adi\u00f3 que esos incendios tambi\u00e9n eran \u00abcomprensibles\u00bb.<\/p>\n\n\n\n<p>En enero, el l\u00edder del Partido Conservador, Pierre Poilievre, no s\u00f3lo conden\u00f3 la reciente oleada de incendios de iglesias en Canad\u00e1, sino que tambi\u00e9n critic\u00f3 a Trudeau por guardar silencio sobre el asunto.<\/p>\n\n\n\n<p>Mientras los pol\u00edticos liberales y del NDP siguen neg\u00e1ndose a condenar los ataques, los incendios provocados y el vandalismo contra iglesias cat\u00f3licas <strong>se han convertido en algo habitual en Canad\u00e1 en los \u00faltimos a\u00f1os, con casi <\/strong><a href=\"https:\/\/www.lifesitenews.com\/news\/nearly-100-canadian-churches-have-been-vandalized-or-burned-down-since-2021\/\"><strong>100 iglesias<\/strong><\/a><strong> diferentes como objetivo desde 2021.<\/strong><\/p>\n\n\n\n<p>Los atentados comenzaron poco despu\u00e9s de que el gobierno federal y los principales medios de comunicaci\u00f3n promovieran la <a href=\"https:\/\/www.lifesitenews.com\/blogs\/canadian-teacher-of-40-years-fired-for-speaking-out-against-trudeaus-mass-grave-hoax\/\">afirmaci\u00f3n, a\u00fan infundada<\/a> e incendiaria, de que cientos de ni\u00f1os abor\u00edgenes fueron asesinados o eliminados indebidamente en los emplazamientos de los internados antes gestionados por la Iglesia cat\u00f3lica.<\/p>\n\n\n\n<p>Estas afirmaciones, apoyadas en particular por el primer ministro Trudeau, no se basan en ninguna prueba f\u00edsica, sino \u00fanicamente en alteraciones del terreno detectadas mediante un radar de penetraci\u00f3n terrestre.<\/p>\n\n\n\n<p>De hecho, en agosto del a\u00f1o pasado, uno de estos lugares fue registrado durante cuatro semanas, pero no se encontr\u00f3 <a href=\"https:\/\/www.lifesitenews.com\/news\/no-human-remains-found-at-site-of-catholic-run-residential-school-in-canada\/\">ning\u00fan cad\u00e1ver<\/a>.<\/p>\n\n\n\n<p>A pesar de la falta de pruebas, Radio-Canad\u00e1 y otros medios han seguido defendiendo esta tesis, e incluso han publicado recientemente un informe que parec\u00eda <a href=\"https:\/\/www.lifesitenews.com\/analysis\/cbc-seems-to-justify-church-burnings-across-canada-in-latest-investigation-video\/\">justificar<\/a> las decenas de atentados contra iglesias cat\u00f3licas.<\/p>\n","protected":false},"excerpt":{"rendered":"<p>Articulo original : https:\/\/www.cqv.qc.ca\/des_deputes_liberaux_et_neo_democrates_bloquent_la_motion_visant_condamner_l_incendie_criminel_de_l_eglise_catholique_de_regina Publicado por Augustin Hamilton el 20\/02\/2024 &#8211; Traducido por Elisa Hern\u00e1ndez El diputado conservador Corey Tochor. Por Clare Marie Merkowsky &#8211; [&hellip;]<\/p>\n","protected":false},"author":1,"featured_media":1120,"comment_status":"open","ping_status":"open","sticky":false,"template":"","format":"standard","meta":{"footnotes":"","jetpack_publicize_message":"","jetpack_publicize_feature_enabled":true,"jetpack_social_post_already_shared":true,"jetpack_social_options":{"image_generator_settings":{"template":"highway","enabled":false}}},"categories":[15,39,13],"tags":[437,438],"class_list":["post-1119","post","type-post","status-publish","format-standard","has-post-thumbnail","hentry","category-canada","category-iglesia","category-politica","tag-incendios","tag-regina"],"jetpack_publicize_connections":[],"jetpack_featured_media_url":"https:\/\/civitas-mexico.com\/wp-content\/uploads\/2024\/03\/image.png","jetpack-related-posts":[],"jetpack_sharing_enabled":true,"jetpack_likes_enabled":true,"_links":{"self":[{"href":"https:\/\/civitas-mexico.com\/index.php\/wp-json\/wp\/v2\/posts\/1119","targetHints":{"allow":["GET"]}}],"collection":[{"href":"https:\/\/civitas-mexico.com\/index.php\/wp-json\/wp\/v2\/posts"}],"about":[{"href":"https:\/\/civitas-mexico.com\/index.php\/wp-json\/wp\/v2\/types\/post"}],"author":[{"embeddable":true,"href":"https:\/\/civitas-mexico.com\/index.php\/wp-json\/wp\/v2\/users\/1"}],"replies":[{"embeddable":true,"href":"https:\/\/civitas-mexico.com\/index.php\/wp-json\/wp\/v2\/comments?post=1119"}],"version-history":[{"count":1,"href":"https:\/\/civitas-mexico.com\/index.php\/wp-json\/wp\/v2\/posts\/1119\/revisions"}],"predecessor-version":[{"id":1121,"href":"https:\/\/civitas-mexico.com\/index.php\/wp-json\/wp\/v2\/posts\/1119\/revisions\/1121"}],"wp:featuredmedia":[{"embeddable":true,"href":"https:\/\/civitas-mexico.com\/index.php\/wp-json\/wp\/v2\/media\/1120"}],"wp:attachment":[{"href":"https:\/\/civitas-mexico.com\/index.php\/wp-json\/wp\/v2\/media?parent=1119"}],"wp:term":[{"taxonomy":"category","embeddable":true,"href":"https:\/\/civitas-mexico.com\/index.php\/wp-json\/wp\/v2\/categories?post=1119"},{"taxonomy":"post_tag","embeddable":true,"href":"https:\/\/civitas-mexico.com\/index.php\/wp-json\/wp\/v2\/tags?post=1119"}],"curies":[{"name":"wp","href":"https:\/\/api.w.org\/{rel}","templated":true}]}}