{"id":1099,"date":"2024-02-24T17:14:48","date_gmt":"2024-02-24T23:14:48","guid":{"rendered":"https:\/\/civitas-mexico.com\/?p=1099"},"modified":"2024-02-24T17:14:51","modified_gmt":"2024-02-24T23:14:51","slug":"macron-insulta-a-los-100-millones-de-muertos-por-el-comunismo-cuyo-ideal-revolucionario-alaba","status":"publish","type":"post","link":"https:\/\/civitas-mexico.com\/index.php\/2024\/02\/24\/macron-insulta-a-los-100-millones-de-muertos-por-el-comunismo-cuyo-ideal-revolucionario-alaba\/","title":{"rendered":"Macron insulta a los 100 millones de muertos por el comunismo, \u00a1cuyo \u00abideal revolucionario\u00bb alaba!"},"content":{"rendered":"\n<p>Art\u00edculo original : <a href=\"https:\/\/www.medias-presse.info\/macron-insulte-les-100-millions-de-morts-dus-au-communisme-dont-il-loue-lideal-revolutionnaire\/186529\/\">https:\/\/www.medias-presse.info\/macron-insulte-les-100-millions-de-morts-dus-au-communisme-dont-il-loue-lideal-revolutionnaire\/186529\/<\/a><\/p>\n\n\n\n<p>por Paul DEROGIS &#8211; 23 de febrero de 2024 &#8211; Traducido por Elisa Hern\u00e1ndez<\/p>\n\n\n\n<figure class=\"wp-block-image alignleft size-full\"><img loading=\"lazy\" decoding=\"async\" width=\"563\" height=\"751\" src=\"https:\/\/civitas-mexico.com\/wp-content\/uploads\/2024\/02\/image-131.png\" alt=\"\" class=\"wp-image-1100\" srcset=\"https:\/\/civitas-mexico.com\/wp-content\/uploads\/2024\/02\/image-131.png 563w, https:\/\/civitas-mexico.com\/wp-content\/uploads\/2024\/02\/image-131-225x300.png 225w\" sizes=\"auto, (max-width: 563px) 100vw, 563px\" \/><\/figure>\n\n\n\n<p>El libro negro del comunismo. 85 millones de v\u00edctimas.<\/p>\n\n\n\n<p><strong>Quedar\u00e1 como el m\u00e1s antifranc\u00e9s<\/strong><\/p>\n\n\n\n<p><strong>y m\u00e1s despreciable presidente de la V Rep\u00fablica.<\/strong><\/p>\n\n\n\n<p>Tras decirnos que la colonizaci\u00f3n de Argelia fue un crimen contra la humanidad, Macron se atrevi\u00f3 a declamar, al estilo teatral, una oda al comunismo, la ideolog\u00eda totalitaria que mat\u00f3 a 100 millones de personas, durante la puesta en el mausoleo del Pante\u00f3n de Francia de la figura del comunista armenio,&nbsp;Manouchian:<\/p>\n\n\n\n<p><em>\u00abPorque son comunistas, no conocen otra cosa que la fraternidad humana, hijos de la Revoluci\u00f3n Francesa, vigilantes de la Revoluci\u00f3n Universal\u00bb.<\/em><\/p>\n\n\n\n<p>Para el historiador Christophe de Voogd, esta nueva escoria de Macron es nada menos que una \u00abreescritura de la historia\u00bb.<\/p>\n\n\n\n<p><strong>Para nosotros, es una aut\u00e9ntica declaraci\u00f3n de amor al comunismo, una ideolog\u00eda que todo el mundo est\u00e1 de acuerdo en que se cobr\u00f3 m\u00e1s v\u00edctimas que el nazismo.<\/strong><\/p>\n\n\n\n<p>El alcalde LR de Lavaur, Bernard Carayon, brome\u00f3: \u00abBien hecho. Evidentemente, E. Macron no ha le\u00eddo a Aron, Souvarine o Solzhenitsyn\u00bb.<\/p>\n\n\n\n<p>Fue como el d\u00eda despu\u00e9s de la muerte de Stalin, cuando toda la intelligentsia francesa, intelectuales, artistas y pol\u00edticos, \u00a1se unieron en un coro para celebrar la memoria del dictador m\u00e1s sangriento de todos los tiempos!<\/p>\n\n\n\n<p>Recordemos cuando la Rep\u00fablica conden\u00f3 al Partido Comunista Franc\u00e9s por confraternizar con el nazismo obedeciendo las \u00f3rdenes del comunismo internacional y oponi\u00e9ndose al esfuerzo b\u00e9lico franc\u00e9s saboteando la producci\u00f3n de armamento.<\/p>\n\n\n\n<p>De hecho, tras la derrota francesa de 1940, el Partido Comunista dio instrucciones de confraternizar con el ej\u00e9rcito alem\u00e1n y el peri\u00f3dico <em>l&#8217;Humanit\u00e9<\/em> pidi\u00f3 permiso a los ocupantes nazis para publicarlo.<\/p>\n\n\n\n<p><strong>Nuestra colega Pauline Mille de reinformation.tv resume nuestro disgusto con estas palabras:<\/strong><\/p>\n\n\n\n<p>\u00ab\u00a1Hermandad humana! <strong>La larga lista de v\u00edctimas del comunismo<\/strong>, del Gulag, del Lao Gai, de los campos del Vietminh y de los Jemeres Rojos, de la Cheka, del Guepeu, del NKVD, del KGB, de todas las polic\u00edas y ej\u00e9rcitos rojos, de las hambrunas organizadas, del Holodomor, de las revoluciones culturales, de la masacre y persecuci\u00f3n de los creyentes, de la matanza por la servidumbre y los trabajos forzados, etc., etc., <strong>seguramente agradecer\u00e1n al Presidente de la Rep\u00fablica Francesa<\/strong>, la autoproclamada patria de los derechos humanos, este himno al comunismo.<\/p>\n\n\n\n<p>Y se admirar\u00e1n de que todos los medios de comunicaci\u00f3n y los partidos pol\u00edticos franceses, paralizados, con el dedo me\u00f1ique en la costura del pantal\u00f3n, hayan escuchado sin inmutarse esta despreciable traici\u00f3n a Francia, al esp\u00edritu humano, a la miseria humana y a la verdad. Los paneg\u00edricos de hoy son los arrepentimientos de ma\u00f1ana\u00bb.<\/p>\n\n\n\n<p>Indecente, vil y despreciable, Macron tendr\u00e1 que responder por esto cuando llegue el momento&#8230;<\/p>\n\n\n\n<hr class=\"wp-block-separator has-alpha-channel-opacity\"\/>\n\n\n\n<h2 class=\"wp-block-heading\">Enlace a los art\u00edculos:<\/h2>\n\n\n\n<p>\u201c<a href=\"https:\/\/amp.epe.es\/es\/internacional\/20240221\/francia-entroniza-manouchian-primer-miembro-98480479\">Francia entroniza a Manouchian, el primer miembro de la resistencia comunista en entrar al Pante\u00f3n<\/a>\u201d<\/p>\n\n\n\n<p>\u201c<a href=\"https:\/\/www.elcorreo.com\/internacional\/europa\/manouchian-camaradas-extranjeros-entran-panteon-20240221215930-ntrc.html?ref=https%3A%2F%2Fwww.elcorreo.com%2Finternacional%2Feuropa%2Fmanouchian-camaradas-extranjeros-entran-panteon-20240221215930-ntrc.html\">Manouchian y sus camaradas extranjeros entran en el Pante\u00f3<\/a>n\u201d<\/p>\n","protected":false},"excerpt":{"rendered":"<p>Art\u00edculo original : https:\/\/www.medias-presse.info\/macron-insulte-les-100-millions-de-morts-dus-au-communisme-dont-il-loue-lideal-revolutionnaire\/186529\/ por Paul DEROGIS &#8211; 23 de febrero de 2024 &#8211; Traducido por Elisa Hern\u00e1ndez El libro negro del comunismo. 85 millones [&hellip;]<\/p>\n","protected":false},"author":1,"featured_media":1100,"comment_status":"open","ping_status":"open","sticky":false,"template":"","format":"standard","meta":{"footnotes":"","jetpack_publicize_message":"","jetpack_publicize_feature_enabled":true,"jetpack_social_post_already_shared":true,"jetpack_social_options":{"image_generator_settings":{"template":"highway","enabled":false}}},"categories":[25,13],"tags":[146,229,272],"class_list":["post-1099","post","type-post","status-publish","format-standard","has-post-thumbnail","hentry","category-francia","category-politica","tag-communistas","tag-libros","tag-macron"],"jetpack_publicize_connections":[],"jetpack_featured_media_url":"https:\/\/civitas-mexico.com\/wp-content\/uploads\/2024\/02\/image-131.png","jetpack-related-posts":[],"jetpack_sharing_enabled":true,"jetpack_likes_enabled":true,"_links":{"self":[{"href":"https:\/\/civitas-mexico.com\/index.php\/wp-json\/wp\/v2\/posts\/1099","targetHints":{"allow":["GET"]}}],"collection":[{"href":"https:\/\/civitas-mexico.com\/index.php\/wp-json\/wp\/v2\/posts"}],"about":[{"href":"https:\/\/civitas-mexico.com\/index.php\/wp-json\/wp\/v2\/types\/post"}],"author":[{"embeddable":true,"href":"https:\/\/civitas-mexico.com\/index.php\/wp-json\/wp\/v2\/users\/1"}],"replies":[{"embeddable":true,"href":"https:\/\/civitas-mexico.com\/index.php\/wp-json\/wp\/v2\/comments?post=1099"}],"version-history":[{"count":1,"href":"https:\/\/civitas-mexico.com\/index.php\/wp-json\/wp\/v2\/posts\/1099\/revisions"}],"predecessor-version":[{"id":1101,"href":"https:\/\/civitas-mexico.com\/index.php\/wp-json\/wp\/v2\/posts\/1099\/revisions\/1101"}],"wp:featuredmedia":[{"embeddable":true,"href":"https:\/\/civitas-mexico.com\/index.php\/wp-json\/wp\/v2\/media\/1100"}],"wp:attachment":[{"href":"https:\/\/civitas-mexico.com\/index.php\/wp-json\/wp\/v2\/media?parent=1099"}],"wp:term":[{"taxonomy":"category","embeddable":true,"href":"https:\/\/civitas-mexico.com\/index.php\/wp-json\/wp\/v2\/categories?post=1099"},{"taxonomy":"post_tag","embeddable":true,"href":"https:\/\/civitas-mexico.com\/index.php\/wp-json\/wp\/v2\/tags?post=1099"}],"curies":[{"name":"wp","href":"https:\/\/api.w.org\/{rel}","templated":true}]}}